{"id":80697,"date":"2015-01-07T00:00:00","date_gmt":"2015-01-07T04:00:00","guid":{"rendered":"http:\/\/www.noticel.com\/economia\/20150107\/banco-central-de-ee-uu-analiza-alza-en-tasas-de-interes\/"},"modified":"2025-07-16T10:25:13","modified_gmt":"2025-07-16T10:25:13","slug":"banco-central-de-ee-uu-analiza-alza-en-tasas-de-interes","status":"publish","type":"post","link":"https:\/\/noticel.com\/en\/economia\/20150107\/banco-central-de-ee-uu-analiza-alza-en-tasas-de-interes\/","title":{"rendered":"Banco central de EE.UU. analiza alza en tasas de inter\u00e9s"},"content":{"rendered":"<p>La Reserva Federal (Fed, banco central) analiza la posibilidad de que el alza de las tasas de interes en EE.UU., esperado para alg\u00fan momento de mediados de a\u00f1o, se produzca en un contexto de baja inflaci\u00f3n como el actual, revel\u00f3 hoy miercoles el banco central estadounidense.<\/p>\n<p>&#8216;Con los bajos precios de la energ\u00eda y el d\u00f3lar fuerte, que probablemente mantengan la inflaci\u00f3n por debajo del objetivo por un tiempo, se remarc\u00f3 que el comit\u00e9 podr\u00eda iniciar la normalizaci\u00f3n en un momento en el que la inflaci\u00f3n est\u00e9 en los niveles actuales&#8217;, se\u00f1alaron las actas de la \u00faltima reuni\u00f3n de la Fed, del 16 y 17 de diciembre.<\/p>\n<p>De este modo, los miembros del Comit\u00e9 Federal de Mercado Abierto (FOMC, en ingl\u00e9s), que establece la pol\u00edtica monetaria de EE.UU., analizaban las preocupaciones de algunos economistas ante los posibles efectos negativos del ajuste monetario en la inflaci\u00f3n, que en noviembre baj\u00f3 al 1.3 % anual.<\/p>\n<p>&#8216;Aunque&#8217;, matiz\u00f3 el documento, &#8216;en esa circunstancia los participantes quer\u00edan estar razonablemente confiados de que la inflaci\u00f3n volver\u00e1 al rango del 2 % con el tiempo&#8217;, la meta marcada por la Fed.<\/p>\n<p>El banco central estadounidense cuenta con el doble mandato de promoci\u00f3n del pleno empleo y la estabilidad de precios en torno al 2 % de inflaci\u00f3n, y mientras el desempleo ha registrado una paulatina bajada hasta el actual 5.8 %, los precios no parecen reaccionar y muestran una tendencia bajista.<\/p>\n<p>De hecho, la inflaci\u00f3n cay\u00f3 un 0.3 % en noviembre, la mayor bajada mensual desde diciembre de 2008.<\/p>\n<p>La gran duda ahora es saber la fecha de esta m\u00e1s que previsible primera subida de tasas de inter\u00e9s en EE.UU.<\/p><div class=\"notic-content-middle\" id=\"notic-4056931045\"><div class=\"notic-adlabel\">Advertisements<\/div><a data-no-instant=\"1\" href=\"https:\/\/www.asegurate-bien.com\/\" rel=\"noopener\" class=\"a2t-link\" target=\"_blank\" aria-label=\"Acodese-Adaptaciones-Noticel-300&#215;250\"><img loading=\"lazy\" decoding=\"async\" src=\"https:\/\/cdn.noticel.com\/2026\/05\/30094423\/Acodese-Adaptaciones-Noticel-300x250-1.jpg\" alt=\"\"  srcset=\"https:\/\/cdn.noticel.com\/2026\/05\/30094423\/Acodese-Adaptaciones-Noticel-300x250-1.jpg 300w, https:\/\/cdn.noticel.com\/2026\/05\/30094423\/Acodese-Adaptaciones-Noticel-300x250-1-14x12.jpg 14w\" sizes=\"(max-width: 300px) 100vw, 300px\" width=\"300\" height=\"250\"   \/><\/a><\/div>\n<p>Al t\u00e9rmino de su reuni\u00f3n de diciembre, la Fed indic\u00f3 que ser\u00e1 &#8216;paciente&#8217; a la hora de determinar cu\u00e1ndo es momento de elevar los tipos de referencia, que est\u00e1n entre el 0 % y el 0.25 % desde diciembre de 2008.<\/p>\n<p>Y su presidenta, Yanet Yellen, precis\u00f3 que es &#8216;improbable&#8217; que vaya a producirse al menos hasta abril de 2015, fecha de su tercera reuni\u00f3n del a\u00f1o.<\/p>\n<p>En el encuentro, los miembros de la Fed tambi\u00e9n comentaron el panorama de debilidad econ\u00f3mica internacional, especialmente en la zona euro y Jap\u00f3n, al reconocer que &#8216;hab\u00edan modificado a la baja sus perspectivas de crecimiento global&#8217;.<\/p>\n<p>No obstante, algunos subrayaron que, dada esta coyuntura, &#8216;aumenta la probabilidad de que esta situaci\u00f3n genere mayores respuestas de las autoridades en el exterior&#8217;.<\/p>\n<p>Principalmente, los mercados y analistas aguardan el inicio de un programa de compra de t\u00edtulos de deuda soberana por parte del Banco Central Europeo (BCE), para estimular la fr\u00e1gil econom\u00eda de la zona euro, decisi\u00f3n que el presidente del BCE, Mario Draghi, ya ha dejado traslucir recientemente y que podr\u00eda producirse en la reuni\u00f3n del organismo del 22 de enero.<\/p>\n<p>La pr\u00f3xima reuni\u00f3n de la Fed est\u00e1 prevista para el 27 y 28 de enero.<\/p>","protected":false},"excerpt":{"rendered":"<p>La Reserva Federal (Fed, banco central) analiza la posibilidad de que el alza de las tasas de interes en EE.UU., esperado para alg\u00fan momento de mediados de a\u00f1o, se produzca en un contexto de baja inflaci\u00f3n como el actual, revel\u00f3 hoy miercoles el banco central estadounidense. &#8216;Con los bajos precios de la energ\u00eda y el [&hellip;]<\/p>","protected":false},"author":0,"featured_media":432346,"comment_status":"closed","ping_status":"closed","sticky":false,"template":"","format":"standard","meta":{"_acf_changed":false,"_monsterinsights_skip_tracking":false,"ep_exclude_from_search":false,"footnotes":""},"categories":[22],"tags":[],"class_list":["post-80697","post","type-post","status-publish","format-standard","has-post-thumbnail","hentry","category-economia"],"acf":[],"aioseo_notices":[],"_links":{"self":[{"href":"https:\/\/noticel.com\/en\/wp-json\/wp\/v2\/posts\/80697","targetHints":{"allow":["GET"]}}],"collection":[{"href":"https:\/\/noticel.com\/en\/wp-json\/wp\/v2\/posts"}],"about":[{"href":"https:\/\/noticel.com\/en\/wp-json\/wp\/v2\/types\/post"}],"replies":[{"embeddable":true,"href":"https:\/\/noticel.com\/en\/wp-json\/wp\/v2\/comments?post=80697"}],"version-history":[{"count":1,"href":"https:\/\/noticel.com\/en\/wp-json\/wp\/v2\/posts\/80697\/revisions"}],"predecessor-version":[{"id":432348,"href":"https:\/\/noticel.com\/en\/wp-json\/wp\/v2\/posts\/80697\/revisions\/432348"}],"wp:featuredmedia":[{"embeddable":true,"href":"https:\/\/noticel.com\/en\/wp-json\/wp\/v2\/media\/432346"}],"wp:attachment":[{"href":"https:\/\/noticel.com\/en\/wp-json\/wp\/v2\/media?parent=80697"}],"wp:term":[{"taxonomy":"category","embeddable":true,"href":"https:\/\/noticel.com\/en\/wp-json\/wp\/v2\/categories?post=80697"},{"taxonomy":"post_tag","embeddable":true,"href":"https:\/\/noticel.com\/en\/wp-json\/wp\/v2\/tags?post=80697"}],"curies":[{"name":"wp","href":"https:\/\/api.w.org\/{rel}","templated":true}]}}