{"id":80648,"date":"2016-08-19T00:00:00","date_gmt":"2016-08-19T04:00:00","guid":{"rendered":"http:\/\/www.noticel.com\/vida\/20160819\/regresan-los-del-rio-con-mas-macarena-videos\/"},"modified":"2025-07-16T10:27:40","modified_gmt":"2025-07-16T10:27:40","slug":"regresan-los-del-rio-con-mas-macarena-videos","status":"publish","type":"post","link":"https:\/\/noticel.com\/en\/vida-y-bienestar\/20160819\/regresan-los-del-rio-con-mas-macarena-videos\/","title":{"rendered":"Regresan Los del R\u00edo con &#8216;M\u00e1s Macarena&#8217; (v\u00eddeos)"},"content":{"rendered":"<p>La famosa Macarena, que en los a\u00f1os 90 puso a bailar a medio mundo, vuelve con nuevo impulso, alegr\u00eda y m\u00e1s ritmo en el video &#8216;M\u00e1s Macarena&#8217;, lanzado hoy por Los del R\u00edo, los espa\u00f1oles creadores de la canci\u00f3n, y los cubanos Gente de Zona.<\/p>\n<p>El video de esta nueva versi\u00f3n del s\u00faper \u00e9xito, tan o incluso m\u00e1s pegadiza y bailable que las anteriores, fue grabado en Cuba bajo la direcci\u00f3n de Daniel Dur\u00e1n y presentado inicialmente en VEVO y los programas televisivos &#8216;Despierta Am\u00e9rica&#8217; y &#8216;El Gordo y la Flaca&#8217;, de Univision.<\/p>\n<p>Los dos grupos, espa\u00f1ol y cubano, presentaron el fruto de su colaboraci\u00f3n en la \u00faltima edici\u00f3n de los Premios Juventud en Barcelona en julio pasado, se\u00f1ala un comunicado de la productora.<\/p>\n<p>Fueron Los del R\u00edo, Antonio Romero Monge y Rafael Ruiz Perdigones, los que pusieron la vista en Gente de Zona, formado por Randy Malcom y Alexander Delgado, a ra\u00edz del \u00e9xito alcanzado en Espa\u00f1a por el grupo cubano.<\/p><div class=\"notic-content-middle\" id=\"notic-1979995535\"><div class=\"notic-adlabel\">Advertisements<\/div><a data-no-instant=\"1\" href=\"https:\/\/www.asegurate-bien.com\/\" rel=\"noopener\" class=\"a2t-link\" target=\"_blank\" aria-label=\"Acodese-Adaptaciones-Noticel-300&#215;600\"><img loading=\"lazy\" decoding=\"async\" src=\"https:\/\/cdn.noticel.com\/2026\/05\/30094652\/Acodese-Adaptaciones-Noticel-300x600-1.jpg\" alt=\"\"  srcset=\"https:\/\/cdn.noticel.com\/2026\/05\/30094652\/Acodese-Adaptaciones-Noticel-300x600-1.jpg 300w, https:\/\/cdn.noticel.com\/2026\/05\/30094652\/Acodese-Adaptaciones-Noticel-300x600-1-150x300.jpg 150w, https:\/\/cdn.noticel.com\/2026\/05\/30094652\/Acodese-Adaptaciones-Noticel-300x600-1-6x12.jpg 6w\" sizes=\"(max-width: 300px) 100vw, 300px\" width=\"300\" height=\"600\"   \/><\/a><\/div>\n<p>Los Del R\u00edo contactaron a Malcom y Delgado para la nueva versi\u00f3n del s\u00faper \u00e9xito que a\u00fan anima toda clase de fiestas en todo el mundo, agrega el comunicado.<\/p>\n<p>La direcci\u00f3n coreogr\u00e1fica del video es del bailar\u00edn cubano Roclan y las localizaciones son del centro de la capital cubana.<\/p>\n<p>Los viejos autom\u00f3viles antiguos que circulan por La Habana, conocidos como &#8216;almendrones&#8217;, tiene un papel destacado en el video, del que Gente de Zona ha ofrecido a sus seguidores por Facebook dos adelantos de c\u00f3mo se film\u00f3 y de sus entretelas, antes del lanzamiento de hoy.<\/p>","protected":false},"excerpt":{"rendered":"<p>La famosa Macarena, que en los a\u00f1os 90 puso a bailar a medio mundo, vuelve con nuevo impulso, alegr\u00eda y m\u00e1s ritmo en el video &#8216;M\u00e1s Macarena&#8217;, lanzado hoy por Los del R\u00edo, los espa\u00f1oles creadores de la canci\u00f3n, y los cubanos Gente de Zona. El video de esta nueva versi\u00f3n del s\u00faper \u00e9xito, tan [&hellip;]<\/p>","protected":false},"author":0,"featured_media":432586,"comment_status":"closed","ping_status":"closed","sticky":false,"template":"","format":"standard","meta":{"_acf_changed":false,"_monsterinsights_skip_tracking":false,"ep_exclude_from_search":false,"footnotes":""},"categories":[69],"tags":[],"class_list":["post-80648","post","type-post","status-publish","format-standard","has-post-thumbnail","hentry","category-vida-y-bienestar"],"acf":[],"aioseo_notices":[],"_links":{"self":[{"href":"https:\/\/noticel.com\/en\/wp-json\/wp\/v2\/posts\/80648","targetHints":{"allow":["GET"]}}],"collection":[{"href":"https:\/\/noticel.com\/en\/wp-json\/wp\/v2\/posts"}],"about":[{"href":"https:\/\/noticel.com\/en\/wp-json\/wp\/v2\/types\/post"}],"replies":[{"embeddable":true,"href":"https:\/\/noticel.com\/en\/wp-json\/wp\/v2\/comments?post=80648"}],"version-history":[{"count":1,"href":"https:\/\/noticel.com\/en\/wp-json\/wp\/v2\/posts\/80648\/revisions"}],"predecessor-version":[{"id":432588,"href":"https:\/\/noticel.com\/en\/wp-json\/wp\/v2\/posts\/80648\/revisions\/432588"}],"wp:featuredmedia":[{"embeddable":true,"href":"https:\/\/noticel.com\/en\/wp-json\/wp\/v2\/media\/432586"}],"wp:attachment":[{"href":"https:\/\/noticel.com\/en\/wp-json\/wp\/v2\/media?parent=80648"}],"wp:term":[{"taxonomy":"category","embeddable":true,"href":"https:\/\/noticel.com\/en\/wp-json\/wp\/v2\/categories?post=80648"},{"taxonomy":"post_tag","embeddable":true,"href":"https:\/\/noticel.com\/en\/wp-json\/wp\/v2\/tags?post=80648"}],"curies":[{"name":"wp","href":"https:\/\/api.w.org\/{rel}","templated":true}]}}