{"id":80540,"date":"2013-08-06T00:00:00","date_gmt":"2013-08-06T04:00:00","guid":{"rendered":"http:\/\/www.noticel.com\/mundo\/20130806\/eeuu-pide-a-sus-ciudadanos-que-abandonen-yemen-inmediatamente\/"},"modified":"2025-07-16T10:34:44","modified_gmt":"2025-07-16T10:34:44","slug":"eeuu-pide-a-sus-ciudadanos-que-abandonen-yemen-inmediatamente","status":"publish","type":"post","link":"https:\/\/noticel.com\/en\/noticias\/mundo\/20130806\/eeuu-pide-a-sus-ciudadanos-que-abandonen-yemen-inmediatamente\/","title":{"rendered":"EEUU pide a sus ciudadanos que abandonen Yemen &#8216;inmediatamente&#8217;"},"content":{"rendered":"<p>Estados Unidos ha pedido hoy a sus ciudadanos que abandonen Yemen &#8216;inmediatamente&#8217;, adem\u00e1s de ordenar la salida del pa\u00eds del personal gubernamental no imprescindible debido a una seria amenaza terrorista en el pa\u00eds \u00e1rabe.<\/p>\n<p>&#8216;Los ciudadanos estadounidenses que se encuentran actualmente en Yemen deben salir&#8217;, se indica en una nota difundida en la pagina web del Departamento de Estado de EEUU, en la que se a\u00f1ade que la posibilidad de ataques terroristas en Yemen es elevada.<\/p>\n<p>La advertencia de Washington se produce tras el cierre el pasado domingo de varias embajadas y consulados de EEUU en Oriente Medio y \u00c1frica debido a la amenaza de atentados de Al Qaeda.<\/p>\n<p>EEUU &#8216;insta a los ciudadanos estadounidenses a no viajar a Yemen y a los que viven all\u00ed a salir inmediatamente del pa\u00eds&#8217;, se a\u00f1ade en el comunicado, en el que se insiste en que el nivel de la amenaza contra la seguridad es &#8216;extremadamente alto&#8217;.<\/p>\n<p>&#8216;Las organizaciones terroristas, incluida Al Qaeda en la Pen\u00ednsula Ar\u00e1biga (AQPA), siguen siendo activas a lo largo de todo Yemen&#8217;, se advierte.<\/p>\n<p>Al menos cuatro supuestos de AQPA, considerado unos de los grupos m\u00e1s activos de la red fundada por Osama Bin Laden, murieron hoy en el ataque de un avi\u00f3n no tripulado de EEUU en el norte yemen\u00ed.<\/p>\n<p>La interceptaci\u00f3n de varios mensajes en los que el l\u00edder de Al Qaeda, Aym\u00e1n al Zawahiri, ordenaba un ataque este domingo, fue lo que propici\u00f3 la decisi\u00f3n de cerrar las embajadas, seg\u00fan fuentes oficiales indicaron al diario New York Times.<\/p>\n<p>Al Zawahiri, que lidera la organizaci\u00f3n desde la muerte de Osama Bin Laden, mencion\u00f3 espec\u00edficamente el domingo como d\u00eda para los ataques en varios mensajes electr\u00f3nicos dirigidos a Nasser Al Wuhayshi, el l\u00edder de Al Qaeda en la Pen\u00ednsula Ar\u00e1biga (AQAP), con sede en Yemen, se\u00f1alaron al diario funcionarios estadounidenses.<\/p><div class=\"notic-content-middle\" id=\"notic-448246638\"><div class=\"notic-adlabel\">Advertisements<\/div><a data-no-instant=\"1\" href=\"https:\/\/www.asegurate-bien.com\/\" rel=\"noopener\" class=\"a2t-link\" target=\"_blank\" aria-label=\"Acodese-Adaptaciones-Noticel-970&#215;90\"><img loading=\"lazy\" decoding=\"async\" src=\"https:\/\/cdn.noticel.com\/2026\/07\/30100146\/Acodese-Adaptaciones-Noticel-970x90-1.jpg\" alt=\"\"  srcset=\"https:\/\/cdn.noticel.com\/2026\/07\/30100146\/Acodese-Adaptaciones-Noticel-970x90-1.jpg 970w, https:\/\/cdn.noticel.com\/2026\/07\/30100146\/Acodese-Adaptaciones-Noticel-970x90-1-300x28.jpg 300w, https:\/\/cdn.noticel.com\/2026\/07\/30100146\/Acodese-Adaptaciones-Noticel-970x90-1-768x71.jpg 768w, https:\/\/cdn.noticel.com\/2026\/07\/30100146\/Acodese-Adaptaciones-Noticel-970x90-1-18x2.jpg 18w\" sizes=\"(max-width: 970px) 100vw, 970px\" width=\"970\" height=\"90\"   \/><\/a><\/div>\n<p>Las fuentes, que pidieron el anonimato, no dieron m\u00e1s detalles sobre el contenido de los mensajes o qu\u00e9 puestos estaban espec\u00edficamente amenazados.<\/p>\n<p>Estados Unidos mantuvo cerradas el domingo, d\u00eda laborable en el mundo musulm\u00e1n, 22 de sus embajadas y consulados, la mayor\u00eda en Oriente Medio y el Norte de \u00c1frica, debido a esa amenaza, la &#8216;m\u00e1s seria&#8217; de los \u00faltimos a\u00f1os, seg\u00fan han advertido varios senadores.<\/p>\n<p>Adem\u00e1s, el Departamento de Estado de EEUU anunci\u00f3 el domingo que 19 sedes diplom\u00e1ticas, entre ellas las de Jordania, Yemen y Egipto, permanecer\u00e1n cerradas hasta el pr\u00f3ximo s\u00e1bado por precauci\u00f3n, mientras otras como las de Afganist\u00e1n e Irak reabrieron ayer con normalidad.<\/p>\n<p><strong>Reino Unido retira a todo su personal diplom\u00e1tico <\/strong><\/p>\n<p>Mientras, el Reino Unido retir\u00f3 de manera temporal a todo el personal de su embajada en Yemen por temores de seguridad, inform\u00f3 hoy el Ministerio brit\u00e1nico de Exteriores.<\/p>\n<p>Londres adopt\u00f3 la medida despu\u00e9s de que EEUU pidiese hoy a sus ciudadanos que abandonen Yemen inmediatamente debido a la grave amenaza de actividades terroristas por parte de Al Qaeda.<\/p>\n<p>El Reino Unido ya hab\u00eda dispuesto el cierre esta semana de su legaci\u00f3n diplom\u00e1tica en Yemen, pero decidi\u00f3 retirar al personal debido a las &#8216;crecientes preocupaciones de seguridad&#8217;.<\/p>","protected":false},"excerpt":{"rendered":"<p>Estados Unidos ha pedido hoy a sus ciudadanos que abandonen Yemen &#8216;inmediatamente&#8217;, adem\u00e1s de ordenar la salida del pa\u00eds del personal gubernamental no imprescindible debido a una seria amenaza terrorista en el pa\u00eds \u00e1rabe. &#8216;Los ciudadanos estadounidenses que se encuentran actualmente en Yemen deben salir&#8217;, se indica en una nota difundida en la pagina web [&hellip;]<\/p>","protected":false},"author":0,"featured_media":433120,"comment_status":"closed","ping_status":"closed","sticky":false,"template":"","format":"standard","meta":{"_acf_changed":false,"_monsterinsights_skip_tracking":false,"ep_exclude_from_search":false,"footnotes":""},"categories":[17],"tags":[],"class_list":["post-80540","post","type-post","status-publish","format-standard","has-post-thumbnail","hentry","category-mundo"],"acf":[],"aioseo_notices":[],"_links":{"self":[{"href":"https:\/\/noticel.com\/en\/wp-json\/wp\/v2\/posts\/80540","targetHints":{"allow":["GET"]}}],"collection":[{"href":"https:\/\/noticel.com\/en\/wp-json\/wp\/v2\/posts"}],"about":[{"href":"https:\/\/noticel.com\/en\/wp-json\/wp\/v2\/types\/post"}],"replies":[{"embeddable":true,"href":"https:\/\/noticel.com\/en\/wp-json\/wp\/v2\/comments?post=80540"}],"version-history":[{"count":1,"href":"https:\/\/noticel.com\/en\/wp-json\/wp\/v2\/posts\/80540\/revisions"}],"predecessor-version":[{"id":433122,"href":"https:\/\/noticel.com\/en\/wp-json\/wp\/v2\/posts\/80540\/revisions\/433122"}],"wp:featuredmedia":[{"embeddable":true,"href":"https:\/\/noticel.com\/en\/wp-json\/wp\/v2\/media\/433120"}],"wp:attachment":[{"href":"https:\/\/noticel.com\/en\/wp-json\/wp\/v2\/media?parent=80540"}],"wp:term":[{"taxonomy":"category","embeddable":true,"href":"https:\/\/noticel.com\/en\/wp-json\/wp\/v2\/categories?post=80540"},{"taxonomy":"post_tag","embeddable":true,"href":"https:\/\/noticel.com\/en\/wp-json\/wp\/v2\/tags?post=80540"}],"curies":[{"name":"wp","href":"https:\/\/api.w.org\/{rel}","templated":true}]}}