{"id":8022,"date":"2015-10-21T00:00:00","date_gmt":"2015-10-21T04:00:00","guid":{"rendered":"http:\/\/www.noticel.com\/economia\/20151021\/con-fecha-de-apertura-macys-en-ponce\/"},"modified":"2025-07-18T10:04:48","modified_gmt":"2025-07-18T10:04:48","slug":"con-fecha-de-apertura-macys-en-ponce","status":"publish","type":"post","link":"https:\/\/noticel.com\/en\/economia\/20151021\/con-fecha-de-apertura-macys-en-ponce\/","title":{"rendered":"Con fecha de apertura Macy&#8217;s en Ponce"},"content":{"rendered":"<p>Luego de una inversi\u00f3n de sobre $40 millones, la renovaci\u00f3n del centro comercial Plaza Del Caribe, est\u00e1 pr\u00f3xima a concluir.<\/p>\n<p>La administraci\u00f3n del centro comercial ha preparado un programa de actividades que comienza este mes de octubre y se extiende durante toda la temporada navide\u00f1a.<\/p>\n<p>La renovaci\u00f3n del centro comercial incluye la remodelaci\u00f3n total de su interior y entradas principales, una nueva ambientaci\u00f3n con originales piezas de arte, cambios de lozas, techos ac\u00fasticos, pasamanos, nuevo mobiliario, nuevas carretas, nuevos elevadores y escaleras y la apertura de reconocidas tiendas en todo el centro comercial tales Victoria&#8217;s Secret, Bath &lt;&gt;&lt;&gt;&lt;&gt;&lt;&gt;&amp; Body Works, Footlocker\/House of Hoops, y pr\u00f3ximamente, la segunda tienda Macy&#8217;s en Puerto Rico.\/p<\/p>\n<p>p<\/p>\n<p>&#8216;Llevamos m\u00e1s de cuatro a\u00f1os renovando el centro comercial, y hace m\u00e1s de 18 meses comenzamos los trabajos m\u00e1s intensos que dar\u00e1n paso al nuevo Plaza Del Caribe que ya podemos apreciar&#8217;, expres\u00f3 Edwin Tav\u00e1rez Acevedo, gerente general de Plaza Del Caribe. &#8216;El proyecto requiri\u00f3 de mucha planificaci\u00f3n y coordinaci\u00f3n con todos los inquilinos y visitantes para no afectar la operaci\u00f3n regular del centro comercial y ahora comenzamos una nueva era que permitir\u00e1 que nuestros clientes disfruten de una ampliada oferta comercial y mejores experiencias de compras, gastronom\u00eda y entretenimiento, en un ambiente m\u00e1s acogedor y claro&#8217;, a\u00f1adi\u00f3 Tav\u00e1rez.\/p<\/p>\n<p>p<\/p>\n<p>Indic\u00f3 adem\u00e1s que la Asociaci\u00f3n de Constructores de Hogares de Puerto Rico, seleccion\u00f3 a Plaza Del Caribe como el proyecto de impacto comercial del a\u00f1o en la categor\u00eda de expansi\u00f3n y reinversi\u00f3n. Otras aperturas de tiendas programadas para este a\u00f1o son Starbucks y un segundo establecimiento de Soft &lt;&gt;&lt;&gt; Creamy y de Mr. Pretzels.\/p<\/p>\n<p>p<\/p>\n<p>Los trabajos de remodelaci\u00f3n de la entrada de La Terraza Del Caribe estar\u00e1n b\u00e1sicamente completados para esta temporada navide\u00f1a excepto la parte techada que se completar\u00e1 para febrero del 2016. Durante el 2016 se espera tambi\u00e9n la apertura de nuevas tiendas tales como Alex &lt;&gt;&lt;&gt;&lt;&gt;&lt;&gt;&lt;&gt;&lt;&gt;&lt;&gt;&lt;&gt; Ani y Van&#8217;s, entre otras que se anunciar\u00e1n oportunamente.\/p<\/p><div class=\"notic-content-middle\" id=\"notic-3158234478\"><div class=\"notic-adlabel\">Advertisements<\/div><a data-no-instant=\"1\" href=\"https:\/\/www.asegurate-bien.com\/\" rel=\"noopener\" class=\"a2t-link\" target=\"_blank\" aria-label=\"Acodese-Adaptaciones-Noticel-970&#215;250\"><img loading=\"lazy\" decoding=\"async\" src=\"https:\/\/cdn.noticel.com\/2026\/05\/30100504\/Acodese-Adaptaciones-Noticel-970x250-1.jpg\" alt=\"\"  srcset=\"https:\/\/cdn.noticel.com\/2026\/05\/30100504\/Acodese-Adaptaciones-Noticel-970x250-1.jpg 970w, https:\/\/cdn.noticel.com\/2026\/05\/30100504\/Acodese-Adaptaciones-Noticel-970x250-1-300x77.jpg 300w, https:\/\/cdn.noticel.com\/2026\/05\/30100504\/Acodese-Adaptaciones-Noticel-970x250-1-768x198.jpg 768w, https:\/\/cdn.noticel.com\/2026\/05\/30100504\/Acodese-Adaptaciones-Noticel-970x250-1-18x5.jpg 18w\" sizes=\"(max-width: 970px) 100vw, 970px\" width=\"970\" height=\"250\"   \/><\/a><\/div>\n<p>p<\/p>\n<p>Se espera que una vez abran todas las nuevas tiendas del centro comercial, el total de tiendas y servicios ascienda a cerca de 140. Durante la conferencia de prensa en la que se ofrecieron detalles de la celebraci\u00f3n se destac\u00f3 que durante la construcci\u00f3n laboraron m\u00e1s de 270 personas, provenientes de 45 empresas contratistas y subcontratistas, mayormente durante horas de la madrugada, para no interrumpir la operaci\u00f3n del centro comercial.\/p<\/p>\n<p>p<\/p>\n<p>Las actividades de celebraci\u00f3n comenzar\u00e1n el 22 de octubre con la exposici\u00f3n del dise\u00f1ador Manuel Fern\u00e1ndez, Fashion Art, que presenta una colecci\u00f3n de vestidos que fusionan el arte y dise\u00f1o de modas, y que en esta ocasi\u00f3n presenta los trabajos de reconocidos artistas de Espa\u00f1a y Puerto Rico.\/p<\/p>\n<p>p<\/p>\n<p>El 5 de noviembre se llevar\u00e1 a cabo un evento protocolar para celebrar oficialmente la renovaci\u00f3n del centro comercial y ese mismo d\u00eda se espera la apertura oficial de la segunda tienda Macy&#8217;s en la Isla.\/p<\/p>\n<p>p<\/p>\n<p>El calendario de actividades incluye tambi\u00e9n el evento Fashion Extravaganza, con la participaci\u00f3n especial de Giselle Blondet; la inauguraci\u00f3n del MasterCard Lounge, presentaciones de m\u00fasica local e internacional y un Festival Familiar que incluyen una presentaci\u00f3n de los personajes de Atenci\u00f3n Atenci\u00f3n, entre otros.<\/p>","protected":false},"excerpt":{"rendered":"<p>Luego de una inversi\u00f3n de sobre $40 millones, la renovaci\u00f3n del centro comercial Plaza Del Caribe, est\u00e1 pr\u00f3xima a concluir. La administraci\u00f3n del centro comercial ha preparado un programa de actividades que comienza este mes de octubre y se extiende durante toda la temporada navide\u00f1a. La renovaci\u00f3n del centro comercial incluye la remodelaci\u00f3n total de [&hellip;]<\/p>","protected":false},"author":0,"featured_media":513625,"comment_status":"closed","ping_status":"closed","sticky":false,"template":"","format":"standard","meta":{"_acf_changed":false,"_monsterinsights_skip_tracking":false,"ep_exclude_from_search":false,"footnotes":""},"categories":[22],"tags":[],"class_list":["post-8022","post","type-post","status-publish","format-standard","has-post-thumbnail","hentry","category-economia"],"acf":[],"aioseo_notices":[],"_links":{"self":[{"href":"https:\/\/noticel.com\/en\/wp-json\/wp\/v2\/posts\/8022","targetHints":{"allow":["GET"]}}],"collection":[{"href":"https:\/\/noticel.com\/en\/wp-json\/wp\/v2\/posts"}],"about":[{"href":"https:\/\/noticel.com\/en\/wp-json\/wp\/v2\/types\/post"}],"replies":[{"embeddable":true,"href":"https:\/\/noticel.com\/en\/wp-json\/wp\/v2\/comments?post=8022"}],"version-history":[{"count":1,"href":"https:\/\/noticel.com\/en\/wp-json\/wp\/v2\/posts\/8022\/revisions"}],"predecessor-version":[{"id":513627,"href":"https:\/\/noticel.com\/en\/wp-json\/wp\/v2\/posts\/8022\/revisions\/513627"}],"wp:featuredmedia":[{"embeddable":true,"href":"https:\/\/noticel.com\/en\/wp-json\/wp\/v2\/media\/513625"}],"wp:attachment":[{"href":"https:\/\/noticel.com\/en\/wp-json\/wp\/v2\/media?parent=8022"}],"wp:term":[{"taxonomy":"category","embeddable":true,"href":"https:\/\/noticel.com\/en\/wp-json\/wp\/v2\/categories?post=8022"},{"taxonomy":"post_tag","embeddable":true,"href":"https:\/\/noticel.com\/en\/wp-json\/wp\/v2\/tags?post=8022"}],"curies":[{"name":"wp","href":"https:\/\/api.w.org\/{rel}","templated":true}]}}