{"id":80052,"date":"2018-05-01T00:00:00","date_gmt":"2018-05-01T04:00:00","guid":{"rendered":"http:\/\/www.noticel.com\/ahora\/educacion\/top-stories\/20180501\/maestros-se-quedan-sin-estudiantes-durante-paro-nacional\/"},"modified":"2025-07-16T11:09:08","modified_gmt":"2025-07-16T11:09:08","slug":"maestros-se-quedan-sin-estudiantes-durante-paro-nacional","status":"publish","type":"post","link":"https:\/\/noticel.com\/en\/ultima-hora\/20180501\/maestros-se-quedan-sin-estudiantes-durante-paro-nacional\/","title":{"rendered":"Maestros se quedan sin estudiantes durante Paro Nacional"},"content":{"rendered":"<p><i>Los estudiantes no llegaron, admite Educaci\u00f3n<\/i><\/p>\n<p>La Secretaria de Educaci\u00f3n afirm\u00f3 hoy que el 74.2% de los maestros del Pa\u00eds registr\u00f3 su asistencia en su lugar de trabajo al tiempo que el 87.1% de los no docentes tambien se report\u00f3 a las escuelas.<\/p>\n<p>Por el contrario, admiti\u00f3 que s\u00f3lo un 6.2% de los estudiantes asisti\u00f3 hoy a clases.<\/p>\n<p>En un comunicado enviado a los medios, Julia Keleher tambien dijo que el 93.2% de los directores de escuelas asisti\u00f3 a su centro de trabajo y que el 63% de los empleados de nivel central tambien dijo presente.<\/p>\n<p>&#8216;Gracias a todos por responder al llamado de sus conciencias y pasi\u00f3n por sus labores. Tambien agradezco que no se reportara incidencia alguna que lamentar en las escuelas&#8217;, indic\u00f3 Keleher.<\/p><div class=\"notic-content-middle\" id=\"notic-2797719582\"><div class=\"notic-adlabel\">Advertisements<\/div><a data-no-instant=\"1\" href=\"https:\/\/www.asegurate-bien.com\/\" rel=\"noopener\" class=\"a2t-link\" target=\"_blank\" aria-label=\"Acodese-Adaptaciones-Noticel-970&#215;90\"><img loading=\"lazy\" decoding=\"async\" src=\"https:\/\/cdn.noticel.com\/2026\/07\/30100146\/Acodese-Adaptaciones-Noticel-970x90-1.jpg\" alt=\"\"  srcset=\"https:\/\/cdn.noticel.com\/2026\/07\/30100146\/Acodese-Adaptaciones-Noticel-970x90-1.jpg 970w, https:\/\/cdn.noticel.com\/2026\/07\/30100146\/Acodese-Adaptaciones-Noticel-970x90-1-300x28.jpg 300w, https:\/\/cdn.noticel.com\/2026\/07\/30100146\/Acodese-Adaptaciones-Noticel-970x90-1-768x71.jpg 768w, https:\/\/cdn.noticel.com\/2026\/07\/30100146\/Acodese-Adaptaciones-Noticel-970x90-1-18x2.jpg 18w\" sizes=\"(max-width: 970px) 100vw, 970px\" width=\"970\" height=\"90\"   \/><\/a><\/div>\n<p>&#8216;Al mismo tiempo, entiendo a los padres quienes, probablemente ante el temor sembrado por grupos que no representan a la mayor\u00eda, decidieron no enviar a sus hijos e hijas a las escuelas. Los comprendo y sepan todos que trabajamos arduamente para que nuestros planteles sean todos lugares de paz, di\u00e1logo, alegr\u00eda, respeto y armon\u00eda donde se pueda recibir el pan de la ense\u00f1anza sin temor a nada&#8217;, asegur\u00f3 la titular de Educaci\u00f3n.<\/p>\n<p>&#8216;Lamento que, al final, quienes \u00fanico pierden en todo este proceso son los estudiantes pues todo esto tuvo el \u00fanico saldo de restarle a los estudiantes otro d\u00eda de clases en un a\u00f1o escolar que ha sido complicado, sobre todo tras el paso de los huracanes Irma y Mar\u00eda. Por eso, exhorto a todos los maestros y maestras a que aprovechen el tiempo que queda, repongan el material y cumplan con sus metas academicas&#8217;, a\u00f1adi\u00f3 la Secretaria.<\/p>\n<p>Por otro lado, el Departamento de Educaci\u00f3n inform\u00f3 que de 1,110 escuelas, 44 amanecieron con candados y\/o cadenas. Se procedi\u00f3 a abrir dichos planteles, seg\u00fan el protocolo, para que el personal y los estudiantes pudieran entrar.<\/p>\n<p>De las 44 escuelas con portones cerrados, en ocho hubo manifestaciones y solo cuatro no pudieron ser abiertas debido a que los manifestantes no lo permitieron.<\/p>","protected":false},"excerpt":{"rendered":"<p>Los estudiantes no llegaron, admite Educaci\u00f3n La Secretaria de Educaci\u00f3n afirm\u00f3 hoy que el 74.2% de los maestros del Pa\u00eds registr\u00f3 su asistencia en su lugar de trabajo al tiempo que el 87.1% de los no docentes tambien se report\u00f3 a las escuelas. Por el contrario, admiti\u00f3 que s\u00f3lo un 6.2% de los estudiantes asisti\u00f3 [&hellip;]<\/p>","protected":false},"author":0,"featured_media":435644,"comment_status":"closed","ping_status":"closed","sticky":false,"template":"","format":"standard","meta":{"_acf_changed":false,"_monsterinsights_skip_tracking":false,"ep_exclude_from_search":false,"footnotes":""},"categories":[2],"tags":[],"class_list":["post-80052","post","type-post","status-publish","format-standard","has-post-thumbnail","hentry","category-ultima-hora"],"acf":[],"aioseo_notices":[],"_links":{"self":[{"href":"https:\/\/noticel.com\/en\/wp-json\/wp\/v2\/posts\/80052","targetHints":{"allow":["GET"]}}],"collection":[{"href":"https:\/\/noticel.com\/en\/wp-json\/wp\/v2\/posts"}],"about":[{"href":"https:\/\/noticel.com\/en\/wp-json\/wp\/v2\/types\/post"}],"replies":[{"embeddable":true,"href":"https:\/\/noticel.com\/en\/wp-json\/wp\/v2\/comments?post=80052"}],"version-history":[{"count":1,"href":"https:\/\/noticel.com\/en\/wp-json\/wp\/v2\/posts\/80052\/revisions"}],"predecessor-version":[{"id":435645,"href":"https:\/\/noticel.com\/en\/wp-json\/wp\/v2\/posts\/80052\/revisions\/435645"}],"wp:featuredmedia":[{"embeddable":true,"href":"https:\/\/noticel.com\/en\/wp-json\/wp\/v2\/media\/435644"}],"wp:attachment":[{"href":"https:\/\/noticel.com\/en\/wp-json\/wp\/v2\/media?parent=80052"}],"wp:term":[{"taxonomy":"category","embeddable":true,"href":"https:\/\/noticel.com\/en\/wp-json\/wp\/v2\/categories?post=80052"},{"taxonomy":"post_tag","embeddable":true,"href":"https:\/\/noticel.com\/en\/wp-json\/wp\/v2\/tags?post=80052"}],"curies":[{"name":"wp","href":"https:\/\/api.w.org\/{rel}","templated":true}]}}