{"id":796539,"date":"2022-07-19T15:02:40","date_gmt":"2022-07-19T19:02:40","guid":{"rendered":"https:\/\/www.noticel.com\/ahora\/estados-unidos\/mundo\/20220719\/bill-de-blasio-retira-su-candidatura-al-congreso\/"},"modified":"2025-08-15T13:31:11","modified_gmt":"2025-08-15T13:31:11","slug":"bill-de-blasio-retira-su-candidatura-al-congreso","status":"publish","type":"post","link":"https:\/\/noticel.com\/en\/ultima-hora\/20220719\/bill-de-blasio-retira-su-candidatura-al-congreso\/","title":{"rendered":"Bill de Blasio retira su candidatura al Congreso"},"content":{"rendered":"<h3>Sondeo lo sit\u00faa \u00faltimo entre los candidatos.<\/h3>\n<p>Bill de Blasio, alcalde de Nueva York entre 2014 y 2021, anunci\u00f3 este martes que retira su candidatura al Congreso de Estados Unidos, despu\u00e9s de que un reciente sondeo lo situara a la cola entre todos los aspirantes que concurren a las primarias del Partido Dem\u00f3crata.<\/p>\n<p>\u00abTengo claro que en este distrito congresional la gente est\u00e1 buscando otra opci\u00f3n y yo lo respeto\u00bb, dijo De Blasio en un video publicado en Twitter para dar a conocer su decisi\u00f3n.<\/p>\n<p>https:\/\/twitter.com\/BilldeBlasio\/status\/1549443376189263873<\/p>\n<p>El exalcalde hab\u00eda anunciado en mayo que optar\u00eda a un esca\u00f1o en la C\u00e1mara Baja al abrirse una vacante con un distrito de nueva creaci\u00f3n que incluye la zona de Brooklyn donde reside, pero desde el principio qued\u00f3 claro que ten\u00eda muy pocas opciones.<\/p>\n<p>M\u00e1s de una decena de aspirantes se han presentado a las primarias dem\u00f3cratas, en las que casi con total seguridad se decidir\u00e1 qui\u00e9n ir\u00e1 al Congreso, dado que la abrumadora mayor\u00eda progresista que hay en esta circunscripci\u00f3n hace casi imposible que se elija a un republicano.<\/p>\n<p>Seg\u00fan un sondeo publicado este lunes, De Blasio estaba entre los candidatos con menos apoyo, con alrededor de un 3%, mientras que la concejala Carlina Rivera y la asamble\u00edsta estatal Yuh-line Niou lideran las encuestas con un 16% de la intenci\u00f3n de voto.<\/p>\n<p>La lucha contra la desigualdad centr\u00f3 la campa\u00f1a de De Blasio a la alcald\u00eda de Nueva York, donde se impuso con claridad en dos ocasiones, pero su gesti\u00f3n termin\u00f3 con muy bajos niveles de aprobaci\u00f3n.<\/p><div class=\"notic-content-middle\" id=\"notic-2701237737\"><div class=\"notic-adlabel\">Advertisements<\/div><a data-no-instant=\"1\" href=\"https:\/\/www.asegurate-bien.com\/\" rel=\"noopener\" class=\"a2t-link\" target=\"_blank\" aria-label=\"Acodese-Adaptaciones-Noticel-300&#215;250\"><img loading=\"lazy\" decoding=\"async\" src=\"https:\/\/cdn.noticel.com\/2026\/05\/30094423\/Acodese-Adaptaciones-Noticel-300x250-1.jpg\" alt=\"\"  srcset=\"https:\/\/cdn.noticel.com\/2026\/05\/30094423\/Acodese-Adaptaciones-Noticel-300x250-1.jpg 300w, https:\/\/cdn.noticel.com\/2026\/05\/30094423\/Acodese-Adaptaciones-Noticel-300x250-1-14x12.jpg 14w\" sizes=\"(max-width: 300px) 100vw, 300px\" width=\"300\" height=\"250\"   \/><\/a><\/div>\n<p>En los meses que han transcurrido desde que dej\u00f3 el Ayuntamiento, De Blasio hab\u00eda estudiado la posibilidad de presentarse a otros cargos, como el de gobernador de Nueva York y en su video de hoy asegur\u00f3 que tiene intenci\u00f3n de seguir contribuyendo al servicio p\u00fablico.<\/p>\n<p>En 2019, cuando era alcalde, ya trat\u00f3 sin \u00e9xito de hacerse con la nominaci\u00f3n dem\u00f3crata a las elecciones presidenciales que termin\u00f3 ganando Joe Biden.<\/p>\n<p><strong id=\"strong-f943bc13acbae87ab5d4620d61aa01b3\">Incidente con alcalde de San Juan<\/strong><\/p>\n<p>De Blasio protagoniz\u00f3 recientemente un incidente  junto con el alcalde de San Juan, Miguel Romero Lugo, luego que un boricua residente de Nueva York increp\u00f3 al exacalde por qu\u00e9 hac\u00eda campa\u00f1a junto al ejecutivo capitalino cuando hab\u00eda sido el autor de la Ley 7 cuando era legislador que dej\u00f3 a miles de personas sin trabajo en Puerto Rico.<\/p>\n<p>El hombre, que fue identificado como David Galarza Santa, reclam\u00f3, tambi\u00e9n que Romero Lugo es investigado por las autoridades federales por alegados contratos con la empresa J.R. Asphalt, se\u00f1alada por alegados actos de corrupci\u00f3n en varios municipios del pa\u00eds, ante la mirada imp\u00e1vida de ambos pol\u00edticos, que al final, se alejaron de Galarza Santa.<\/p>\n<p>El incidente fue captado en v\u00eddeo por una persona que se encontraba en el lugar y ha sido compartido por varias personas en redes sociales.<\/p>\n<p>https:\/\/twitter.com\/DGalaSanta\/status\/1548833140470317062<\/p>","protected":false},"excerpt":{"rendered":"<p>Sondeo lo sit\u00faa \u00faltimo entre los candidatos. Bill de Blasio, alcalde de Nueva York entre 2014 y 2021, anunci\u00f3 este martes que retira su candidatura al Congreso de Estados Unidos, despu\u00e9s de que un reciente sondeo lo situara a la cola entre todos los aspirantes que concurren a las primarias del Partido Dem\u00f3crata. \u00abTengo claro [&hellip;]<\/p>","protected":false},"author":25,"featured_media":845159,"comment_status":"closed","ping_status":"closed","sticky":false,"template":"","format":"standard","meta":{"_acf_changed":false,"_monsterinsights_skip_tracking":false,"ep_exclude_from_search":false,"footnotes":""},"categories":[16,17,2],"tags":[],"class_list":["post-796539","post","type-post","status-publish","format-standard","has-post-thumbnail","hentry","category-estados-unidos","category-mundo","category-ultima-hora"],"acf":[],"aioseo_notices":[],"_links":{"self":[{"href":"https:\/\/noticel.com\/en\/wp-json\/wp\/v2\/posts\/796539","targetHints":{"allow":["GET"]}}],"collection":[{"href":"https:\/\/noticel.com\/en\/wp-json\/wp\/v2\/posts"}],"about":[{"href":"https:\/\/noticel.com\/en\/wp-json\/wp\/v2\/types\/post"}],"author":[{"embeddable":true,"href":"https:\/\/noticel.com\/en\/wp-json\/wp\/v2\/users\/25"}],"replies":[{"embeddable":true,"href":"https:\/\/noticel.com\/en\/wp-json\/wp\/v2\/comments?post=796539"}],"version-history":[{"count":1,"href":"https:\/\/noticel.com\/en\/wp-json\/wp\/v2\/posts\/796539\/revisions"}],"predecessor-version":[{"id":845177,"href":"https:\/\/noticel.com\/en\/wp-json\/wp\/v2\/posts\/796539\/revisions\/845177"}],"wp:featuredmedia":[{"embeddable":true,"href":"https:\/\/noticel.com\/en\/wp-json\/wp\/v2\/media\/845159"}],"wp:attachment":[{"href":"https:\/\/noticel.com\/en\/wp-json\/wp\/v2\/media?parent=796539"}],"wp:term":[{"taxonomy":"category","embeddable":true,"href":"https:\/\/noticel.com\/en\/wp-json\/wp\/v2\/categories?post=796539"},{"taxonomy":"post_tag","embeddable":true,"href":"https:\/\/noticel.com\/en\/wp-json\/wp\/v2\/tags?post=796539"}],"curies":[{"name":"wp","href":"https:\/\/api.w.org\/{rel}","templated":true}]}}