{"id":79641,"date":"2018-07-26T00:00:00","date_gmt":"2018-07-26T04:00:00","guid":{"rendered":"http:\/\/www.noticel.com\/ahora\/galeria\/politica\/ppd\/20180726\/ppd-defiende-su-vigencia-en-celebracion-del-ela\/"},"modified":"2025-07-16T11:39:13","modified_gmt":"2025-07-16T11:39:13","slug":"ppd-defiende-su-vigencia-en-celebracion-del-ela","status":"publish","type":"post","link":"https:\/\/noticel.com\/en\/ultima-hora\/20180726\/ppd-defiende-su-vigencia-en-celebracion-del-ela\/","title":{"rendered":"PPD defiende su vigencia en celebraci\u00f3n del ELA"},"content":{"rendered":"<p><i>Ferrer insta a combatir la Junta Fiscal<\/i><\/p><div class=\"notic-content-middle\" id=\"notic-3367510841\"><div class=\"notic-adlabel\">Advertisements<\/div><a data-no-instant=\"1\" href=\"https:\/\/qrco.de\/bgxd5v\" rel=\"noopener\" class=\"a2t-link\" target=\"_blank\" aria-label=\"DisplayAds-970&#215;250\"><img loading=\"lazy\" decoding=\"async\" src=\"https:\/\/cdn.noticel.com\/2026\/09\/02200716\/DisplayAds-970x250-1.jpg\" alt=\"\"  srcset=\"https:\/\/cdn.noticel.com\/2026\/09\/02200716\/DisplayAds-970x250-1.jpg 970w, https:\/\/cdn.noticel.com\/2026\/09\/02200716\/DisplayAds-970x250-1-300x77.jpg 300w, https:\/\/cdn.noticel.com\/2026\/09\/02200716\/DisplayAds-970x250-1-768x198.jpg 768w, https:\/\/cdn.noticel.com\/2026\/09\/02200716\/DisplayAds-970x250-1-18x5.jpg 18w\" sizes=\"(max-width: 970px) 100vw, 970px\" width=\"970\" height=\"250\"   \/><\/a><\/div>\n<p>El presidente del Partido Popular Democr\u00e1tico (PPD) H\u00e9ctor Ferrer R\u00edos admiti\u00f3 que la imposici\u00f3n de la Junta de Control cuestiona los poderes del Estado Libre Asociado (ELA). Lea m\u00e1s:Ferrer llama a combatir de frente a la Junta Fiscal\u00a0\u00a0\u00a0\u00a0\u00a0\u00a0\u00a0\u00a0\u00a0\u00a0\u00a0\u00a0\u00a0\u00a0<\/p>","protected":false},"excerpt":{"rendered":"<p>Ferrer insta a combatir la Junta Fiscal El presidente del Partido Popular Democr\u00e1tico (PPD) H\u00e9ctor Ferrer R\u00edos admiti\u00f3 que la imposici\u00f3n de la Junta de Control cuestiona los poderes del Estado Libre Asociado (ELA). Lea m\u00e1s:Ferrer llama a combatir de frente a la Junta Fiscal\u00a0\u00a0\u00a0\u00a0\u00a0\u00a0\u00a0\u00a0\u00a0\u00a0\u00a0\u00a0\u00a0\u00a0<\/p>","protected":false},"author":0,"featured_media":437748,"comment_status":"closed","ping_status":"closed","sticky":false,"template":"","format":"standard","meta":{"_acf_changed":false,"_monsterinsights_skip_tracking":false,"ep_exclude_from_search":false,"footnotes":""},"categories":[60,7,2],"tags":[],"class_list":["post-79641","post","type-post","status-publish","format-standard","has-post-thumbnail","hentry","category-fotos","category-politica","category-ultima-hora"],"acf":[],"aioseo_notices":[],"_links":{"self":[{"href":"https:\/\/noticel.com\/en\/wp-json\/wp\/v2\/posts\/79641","targetHints":{"allow":["GET"]}}],"collection":[{"href":"https:\/\/noticel.com\/en\/wp-json\/wp\/v2\/posts"}],"about":[{"href":"https:\/\/noticel.com\/en\/wp-json\/wp\/v2\/types\/post"}],"replies":[{"embeddable":true,"href":"https:\/\/noticel.com\/en\/wp-json\/wp\/v2\/comments?post=79641"}],"version-history":[{"count":1,"href":"https:\/\/noticel.com\/en\/wp-json\/wp\/v2\/posts\/79641\/revisions"}],"predecessor-version":[{"id":437813,"href":"https:\/\/noticel.com\/en\/wp-json\/wp\/v2\/posts\/79641\/revisions\/437813"}],"wp:featuredmedia":[{"embeddable":true,"href":"https:\/\/noticel.com\/en\/wp-json\/wp\/v2\/media\/437748"}],"wp:attachment":[{"href":"https:\/\/noticel.com\/en\/wp-json\/wp\/v2\/media?parent=79641"}],"wp:term":[{"taxonomy":"category","embeddable":true,"href":"https:\/\/noticel.com\/en\/wp-json\/wp\/v2\/categories?post=79641"},{"taxonomy":"post_tag","embeddable":true,"href":"https:\/\/noticel.com\/en\/wp-json\/wp\/v2\/tags?post=79641"}],"curies":[{"name":"wp","href":"https:\/\/api.w.org\/{rel}","templated":true}]}}