{"id":79384,"date":"2014-07-11T00:00:00","date_gmt":"2014-07-11T04:00:00","guid":{"rendered":"http:\/\/www.noticel.com\/la-calle\/20140711\/se-llevan-hasta-una-cacatua-en-robo-domiciliario-ocurrido-en-toa-alta\/"},"modified":"2025-07-16T12:00:25","modified_gmt":"2025-07-16T12:00:25","slug":"se-llevan-hasta-una-cacatua-en-robo-domiciliario-ocurrido-en-toa-alta","status":"publish","type":"post","link":"https:\/\/noticel.com\/en\/noticias\/la-calle\/20140711\/se-llevan-hasta-una-cacatua-en-robo-domiciliario-ocurrido-en-toa-alta\/","title":{"rendered":"Se llevan hasta una cacat\u00faa en robo domiciliario ocurrido en Toa Alta"},"content":{"rendered":"<p>Cuatro sujetos irrumpieron en la madrugada del viernes en una residencia del sector Rufo Rodr\u00edguez en Toa Alta.<\/p>\n<p>Seg\u00fan las autoridades, los ladrones forzaron el port\u00f3n de la residencia, consiguiendo acceso a la misma, y mediante amenaza despojaron a un matrimonio de dos celulares, una planta el\u00e9ctrica, dos cadenas de oro, dos &#8216;blowers&#8217; de patio, una sierra de cortar \u00e1rboles, una colecci\u00f3n de monedas, un taladro, una cacat\u00faa y una guagua Mitsubishi Outlander del 2009.<\/p><div class=\"notic-content-middle\" id=\"notic-270148352\"><div class=\"notic-adlabel\">Advertisements<\/div><a data-no-instant=\"1\" href=\"https:\/\/www.asegurate-bien.com\/\" rel=\"noopener\" class=\"a2t-link\" target=\"_blank\" aria-label=\"Acodese-Adaptaciones-Noticel-970&#215;250\"><img loading=\"lazy\" decoding=\"async\" src=\"https:\/\/cdn.noticel.com\/2026\/05\/30100504\/Acodese-Adaptaciones-Noticel-970x250-1.jpg\" alt=\"\"  srcset=\"https:\/\/cdn.noticel.com\/2026\/05\/30100504\/Acodese-Adaptaciones-Noticel-970x250-1.jpg 970w, https:\/\/cdn.noticel.com\/2026\/05\/30100504\/Acodese-Adaptaciones-Noticel-970x250-1-300x77.jpg 300w, https:\/\/cdn.noticel.com\/2026\/05\/30100504\/Acodese-Adaptaciones-Noticel-970x250-1-768x198.jpg 768w, https:\/\/cdn.noticel.com\/2026\/05\/30100504\/Acodese-Adaptaciones-Noticel-970x250-1-18x5.jpg 18w\" sizes=\"(max-width: 970px) 100vw, 970px\" width=\"970\" height=\"250\"   \/><\/a><\/div>\n<p>El veh\u00edculo fue hallado minutos m\u00e1s tarde en la carretera 165, pero ni la cacat\u00faa ni el resto de la mercanc\u00eda pudo ser recuperada.<\/p>\n<p>Agentes adscritos a la Divisi\u00f3n Robos del CIC de Bayam\u00f3n investigan los hechos.<\/p>","protected":false},"excerpt":{"rendered":"<p>Cuatro sujetos irrumpieron en la madrugada del viernes en una residencia del sector Rufo Rodr\u00edguez en Toa Alta. Seg\u00fan las autoridades, los ladrones forzaron el port\u00f3n de la residencia, consiguiendo acceso a la misma, y mediante amenaza despojaron a un matrimonio de dos celulares, una planta el\u00e9ctrica, dos cadenas de oro, dos &#8216;blowers&#8217; de patio, [&hellip;]<\/p>","protected":false},"author":0,"featured_media":439334,"comment_status":"closed","ping_status":"closed","sticky":false,"template":"","format":"standard","meta":{"_acf_changed":false,"_monsterinsights_skip_tracking":false,"ep_exclude_from_search":false,"footnotes":""},"categories":[12],"tags":[],"class_list":["post-79384","post","type-post","status-publish","format-standard","has-post-thumbnail","hentry","category-la-calle"],"acf":[],"aioseo_notices":[],"_links":{"self":[{"href":"https:\/\/noticel.com\/en\/wp-json\/wp\/v2\/posts\/79384","targetHints":{"allow":["GET"]}}],"collection":[{"href":"https:\/\/noticel.com\/en\/wp-json\/wp\/v2\/posts"}],"about":[{"href":"https:\/\/noticel.com\/en\/wp-json\/wp\/v2\/types\/post"}],"replies":[{"embeddable":true,"href":"https:\/\/noticel.com\/en\/wp-json\/wp\/v2\/comments?post=79384"}],"version-history":[{"count":1,"href":"https:\/\/noticel.com\/en\/wp-json\/wp\/v2\/posts\/79384\/revisions"}],"predecessor-version":[{"id":439335,"href":"https:\/\/noticel.com\/en\/wp-json\/wp\/v2\/posts\/79384\/revisions\/439335"}],"wp:featuredmedia":[{"embeddable":true,"href":"https:\/\/noticel.com\/en\/wp-json\/wp\/v2\/media\/439334"}],"wp:attachment":[{"href":"https:\/\/noticel.com\/en\/wp-json\/wp\/v2\/media?parent=79384"}],"wp:term":[{"taxonomy":"category","embeddable":true,"href":"https:\/\/noticel.com\/en\/wp-json\/wp\/v2\/categories?post=79384"},{"taxonomy":"post_tag","embeddable":true,"href":"https:\/\/noticel.com\/en\/wp-json\/wp\/v2\/tags?post=79384"}],"curies":[{"name":"wp","href":"https:\/\/api.w.org\/{rel}","templated":true}]}}