{"id":788230,"date":"2022-01-04T18:09:35","date_gmt":"2022-01-04T22:09:35","guid":{"rendered":"https:\/\/www.noticel.com\/salud\/20220104\/salud-reitera-que-no-se-debe-exigir-prueba-negativa-para-regresar-al-trabajo\/"},"modified":"2025-08-05T06:40:01","modified_gmt":"2025-08-05T06:40:01","slug":"salud-reitera-que-no-se-debe-exigir-prueba-negativa-para-regresar-al-trabajo","status":"publish","type":"post","link":"https:\/\/noticel.com\/en\/mas\/otros\/20220104\/salud-reitera-que-no-se-debe-exigir-prueba-negativa-para-regresar-al-trabajo\/","title":{"rendered":"Salud reitera que no se debe exigir prueba negativa para regresar al trabajo"},"content":{"rendered":"<h3>Luego de cumplir la cuarentena no es necesaria la prueba negativa.<\/h3>\n<p>El secretario del Departamento de Salud, Carlos Mellado L\u00f3pez, constat\u00f3 que no es necesaria una prueba negativa luego de dar positivo a covid-19 para poder reincorporarte al trabajo.<\/p>\n<p>\u201cLos patronos no tienen que pedir una prueba despu\u00e9s de usted haber tenido covid-19. Tan pronto pasen esos 10 d\u00edas usted se reincorpora a sus labores\u201d, reiter\u00f3 el mandatario de Salud.<\/p>\n<p>Es decir, luego de dar positivo, la persona debe permanecer en cuarentena 10 d\u00edas, y su patrono no le puede exigir una prueba negativa.<\/p>\n<p>\u201cEso es totalmente err\u00f3neo porque la prueba puede continuar positiva, porque una cosa es la positividad y otra cosa es la carga viral. Despu\u00e9s del quinto d\u00eda la carga viral empieza a disminuir, ya el s\u00e9ptimo d\u00eda usted no est\u00e1 contagiando\u201d, explic\u00f3 Mellado L\u00f3pez.<\/p>\n<p>La carga viral es lo que tiene el poder de contagiar a otras personas, mientras que la positividad no. Aunque contin\u00fae saliendo positivo en una prueba, no necesariamente tiene covid-19.<\/p>\n<p><strong id=\"strong-f1be47996530ea2232e67f16c78830e9\">\u00bfCu\u00e1ndo hacerse una prueba?<\/strong><\/p>\n<p>Al secretario de Salud le preocupa la cantidad de personas haci\u00e9ndose pruebas sin s\u00edntomas y sin exposici\u00f3n.<\/p>\n<p>\u201cSe est\u00e1n haciendo pruebas sin tener ning\u00fan tipo de criterio y con miedo\u201d, manifest\u00f3 el secretario de Salud.<\/p><div class=\"notic-content-middle\" id=\"notic-1913407056\"><div class=\"notic-adlabel\">Advertisements<\/div><a data-no-instant=\"1\" href=\"https:\/\/qrco.de\/bgxd5v\" rel=\"noopener\" class=\"a2t-link\" target=\"_blank\" aria-label=\"DisplayAd-728&#215;902\"><img loading=\"lazy\" decoding=\"async\" src=\"https:\/\/cdn.noticel.com\/2026\/08\/11174407\/DisplayAd-728x902-1.jpg\" alt=\"\"  srcset=\"https:\/\/cdn.noticel.com\/2026\/08\/11174407\/DisplayAd-728x902-1.jpg 728w, https:\/\/cdn.noticel.com\/2026\/08\/11174407\/DisplayAd-728x902-1-300x37.jpg 300w, https:\/\/cdn.noticel.com\/2026\/08\/11174407\/DisplayAd-728x902-1-18x2.jpg 18w\" sizes=\"(max-width: 728px) 100vw, 728px\" width=\"728\" height=\"90\"   \/><\/a><\/div>\n<p>Ante esto, recalc\u00f3 que las personas deben hacerse pruebas si tienen s\u00edntomas o si han tenido exposici\u00f3n directa con un positivo.<\/p>\n<p>La exposici\u00f3n ocurre al estar 15 minutos y a menos de seis pies de distancia con una persona positiva. Ahora bien, debe cumplir una cuarentena preventiva de siete d\u00edas, y al quinto d\u00eda hacerse una prueba. Al hac\u00e9rsela antes su resultado puede ser un falso negativo.<\/p>\n<p>Con un promedio de 40,000 pruebas que se est\u00e1n realizando diariamente, n\u00famero m\u00e1s alto durante la pandemia, Mellado L\u00f3pez se\u00f1al\u00f3 que no hay escasez de pruebas.<\/p>\n<p>\u201cCon las pruebas que yo tengo en el Departamento de Salud y las del Centro 330, m\u00e1s las pruebas de PCR y los laboratorios que nos dan servicio, es m\u00e1s que suficiente\u201d, reiter\u00f3 Mellado L\u00f3pez.<\/p>\n<p><strong id=\"strong-281615083136fe14e87320c834c789ec\">Lea tambi\u00e9n:<\/strong><\/p>\n<p><a href=\"https:\/\/noticel.com\/en\/salud\/ahora\/top-stories\/20220102\/salud-establece-protocolos-para-empleados-que-arrojen-positivo-a-covid-19\/\" id=\"link-d31a93863fb05c8a28d28f92530f3d67\">Salud establece protocolos para empleados que arrojen positivo a covid-19<\/a><\/p>\n<p><a href=\"https:\/\/noticel.com\/en\/ahora\/top-stories\/20220101\/laboratorios-esperan-otra-avalancha-de-personas-para-la-semana-que-viene\/\" id=\"link-69f81515d28a2e794d081a53762ccc46\">Laboratorios esperan otra avalancha de personas para la semana que viene<\/a><\/p>","protected":false},"excerpt":{"rendered":"<p>Luego de cumplir la cuarentena no es necesaria la prueba negativa. El secretario del Departamento de Salud, Carlos Mellado L\u00f3pez, constat\u00f3 que no es necesaria una prueba negativa luego de dar positivo a covid-19 para poder reincorporarte al trabajo. \u201cLos patronos no tienen que pedir una prueba despu\u00e9s de usted haber tenido covid-19. Tan pronto [&hellip;]<\/p>","protected":false},"author":25,"featured_media":841864,"comment_status":"closed","ping_status":"closed","sticky":false,"template":"","format":"standard","meta":{"_acf_changed":false,"_monsterinsights_skip_tracking":false,"ep_exclude_from_search":false,"footnotes":""},"categories":[83],"tags":[],"class_list":["post-788230","post","type-post","status-publish","format-standard","has-post-thumbnail","hentry","category-otros"],"acf":[],"aioseo_notices":[],"_links":{"self":[{"href":"https:\/\/noticel.com\/en\/wp-json\/wp\/v2\/posts\/788230","targetHints":{"allow":["GET"]}}],"collection":[{"href":"https:\/\/noticel.com\/en\/wp-json\/wp\/v2\/posts"}],"about":[{"href":"https:\/\/noticel.com\/en\/wp-json\/wp\/v2\/types\/post"}],"author":[{"embeddable":true,"href":"https:\/\/noticel.com\/en\/wp-json\/wp\/v2\/users\/25"}],"replies":[{"embeddable":true,"href":"https:\/\/noticel.com\/en\/wp-json\/wp\/v2\/comments?post=788230"}],"version-history":[{"count":1,"href":"https:\/\/noticel.com\/en\/wp-json\/wp\/v2\/posts\/788230\/revisions"}],"predecessor-version":[{"id":841878,"href":"https:\/\/noticel.com\/en\/wp-json\/wp\/v2\/posts\/788230\/revisions\/841878"}],"wp:featuredmedia":[{"embeddable":true,"href":"https:\/\/noticel.com\/en\/wp-json\/wp\/v2\/media\/841864"}],"wp:attachment":[{"href":"https:\/\/noticel.com\/en\/wp-json\/wp\/v2\/media?parent=788230"}],"wp:term":[{"taxonomy":"category","embeddable":true,"href":"https:\/\/noticel.com\/en\/wp-json\/wp\/v2\/categories?post=788230"},{"taxonomy":"post_tag","embeddable":true,"href":"https:\/\/noticel.com\/en\/wp-json\/wp\/v2\/tags?post=788230"}],"curies":[{"name":"wp","href":"https:\/\/api.w.org\/{rel}","templated":true}]}}