{"id":786285,"date":"2021-11-15T05:32:00","date_gmt":"2021-11-15T09:32:00","guid":{"rendered":"https:\/\/www.noticel.com\/la-calle\/policiacas\/20211115\/cierra-tramo-del-expreso-pr-30-por-muerte-de-motorista\/"},"modified":"2025-08-05T14:24:28","modified_gmt":"2025-08-05T14:24:28","slug":"cierran-tramo-del-expreso-pr-30-por-muerte-de-motorista","status":"publish","type":"post","link":"https:\/\/noticel.com\/en\/noticias\/la-calle\/20211115\/cierran-tramo-del-expreso-pr-30-por-muerte-de-motorista\/","title":{"rendered":"Cierran tramo del Expreso PR-30 por muerte de motorista"},"content":{"rendered":"<h3>Otro accidente se report\u00f3 en la Avenida De Diego, en el \u00e1rea de Santurce.<\/h3>\n<p>Un hombre muri\u00f3 a eso de las 12:39 de la madrugada del lunes, en un accidente de tr\u00e1nsito en el kil\u00f3metro 11.1 de la autopista PR-30 en direcci\u00f3n de Humacao a Caguas, en el \u00e1rea de Juncos.<\/p>\n<p>Seg\u00fan el reporte de la Polic\u00eda, un hombre de 40 a\u00f1os de edad, que al momento no ha sido identificado, manejaba un veh\u00edculo BMW por el carril derecho.  El sujeto no se percat\u00f3 de un motorista, al cual impact\u00f3 por la parte posterior. Como consecuencia, el motorista falleci\u00f3 en el lugar.<\/p>\n<p>El agente Luis Crespo, bajo la supervisi\u00f3n del sargento Gabriel Cruz adscritos a la Divisi\u00f3n de Patrullas de Autopistas y Carreteras del \u00c1rea de Caguas y la fiscal Maribel Mojica, investigan.<\/p>\n<p>Se inform\u00f3 que el tr\u00e1nsito en dicho kil\u00f3metro permanecer\u00e1 cerrado mientras culmina la investigaci\u00f3n. Se exhorta a la ciudadan\u00eda a tomar rutas alternas, como la carretera PR-189.<\/p><div class=\"notic-content-middle\" id=\"notic-2751719189\"><div class=\"notic-adlabel\">Advertisements<\/div><a data-no-instant=\"1\" href=\"https:\/\/qrco.de\/bgxd5v\" rel=\"noopener\" class=\"a2t-link\" target=\"_blank\" aria-label=\"DisplayAds-300&#215;250\"><img loading=\"lazy\" decoding=\"async\" src=\"https:\/\/cdn.noticel.com\/2026\/08\/11175704\/DisplayAds-300x250-1.jpg\" alt=\"\"  srcset=\"https:\/\/cdn.noticel.com\/2026\/08\/11175704\/DisplayAds-300x250-1.jpg 300w, https:\/\/cdn.noticel.com\/2026\/08\/11175704\/DisplayAds-300x250-1-14x12.jpg 14w\" sizes=\"(max-width: 300px) 100vw, 300px\" width=\"300\" height=\"250\"   \/><\/a><\/div>\n<p>Mientras, otro accidente se report\u00f3 en la Avenida De Diego en el \u00e1rea de Santurce.<\/p>\n<p>Un peat\u00f3n muri\u00f3 en el lugar.<\/p>\n<p>La Polic\u00eda recomienda tomar v\u00edas alternas.<\/p>","protected":false},"excerpt":{"rendered":"<p>Otro accidente se report\u00f3 en la Avenida De Diego, en el \u00e1rea de Santurce. Un hombre muri\u00f3 a eso de las 12:39 de la madrugada del lunes, en un accidente de tr\u00e1nsito en el kil\u00f3metro 11.1 de la autopista PR-30 en direcci\u00f3n de Humacao a Caguas, en el \u00e1rea de Juncos. Seg\u00fan el reporte de [&hellip;]<\/p>","protected":false},"author":25,"featured_media":842481,"comment_status":"closed","ping_status":"closed","sticky":false,"template":"","format":"standard","meta":{"_acf_changed":false,"_monsterinsights_skip_tracking":false,"ep_exclude_from_search":false,"footnotes":""},"categories":[12,15],"tags":[],"class_list":["post-786285","post","type-post","status-publish","format-standard","has-post-thumbnail","hentry","category-la-calle","category-policiacas"],"acf":[],"aioseo_notices":[],"_links":{"self":[{"href":"https:\/\/noticel.com\/en\/wp-json\/wp\/v2\/posts\/786285","targetHints":{"allow":["GET"]}}],"collection":[{"href":"https:\/\/noticel.com\/en\/wp-json\/wp\/v2\/posts"}],"about":[{"href":"https:\/\/noticel.com\/en\/wp-json\/wp\/v2\/types\/post"}],"author":[{"embeddable":true,"href":"https:\/\/noticel.com\/en\/wp-json\/wp\/v2\/users\/25"}],"replies":[{"embeddable":true,"href":"https:\/\/noticel.com\/en\/wp-json\/wp\/v2\/comments?post=786285"}],"version-history":[{"count":1,"href":"https:\/\/noticel.com\/en\/wp-json\/wp\/v2\/posts\/786285\/revisions"}],"predecessor-version":[{"id":842716,"href":"https:\/\/noticel.com\/en\/wp-json\/wp\/v2\/posts\/786285\/revisions\/842716"}],"wp:featuredmedia":[{"embeddable":true,"href":"https:\/\/noticel.com\/en\/wp-json\/wp\/v2\/media\/842481"}],"wp:attachment":[{"href":"https:\/\/noticel.com\/en\/wp-json\/wp\/v2\/media?parent=786285"}],"wp:term":[{"taxonomy":"category","embeddable":true,"href":"https:\/\/noticel.com\/en\/wp-json\/wp\/v2\/categories?post=786285"},{"taxonomy":"post_tag","embeddable":true,"href":"https:\/\/noticel.com\/en\/wp-json\/wp\/v2\/tags?post=786285"}],"curies":[{"name":"wp","href":"https:\/\/api.w.org\/{rel}","templated":true}]}}