{"id":78611,"date":"2015-07-04T00:00:00","date_gmt":"2015-07-04T04:00:00","guid":{"rendered":"http:\/\/www.noticel.com\/ahora\/20150704\/reportan-mortandad-de-peces-en-el-embalse-la-plata\/"},"modified":"2025-07-16T13:09:20","modified_gmt":"2025-07-16T13:09:20","slug":"reportan-mortandad-de-peces-en-el-embalse-la-plata","status":"publish","type":"post","link":"https:\/\/noticel.com\/en\/ultima-hora\/20150704\/reportan-mortandad-de-peces-en-el-embalse-la-plata\/","title":{"rendered":"Reportan mortandad de peces en el Embalse La Plata"},"content":{"rendered":"<p>La secretaria del Departamento de Recursos Naturales y Ambientales (DRNA), Carmen Guerrero Perez, inform\u00f3 el s\u00e1bado que, por dos d\u00edas consecutivos se report\u00f3 una mortandad masiva de peces en el Refugio de Vida Silvestre del Embalse La Plata, en Toa Alta, debido a los bajos niveles de agua.<\/p>\n<p>La titular explic\u00f3 que la reducci\u00f3n de los niveles de agua en el embalse ha provocado una disminuci\u00f3n del ox\u00edgeno disuelto disponible para los peces.<\/p>\n<p>&#8216;Ante la reducci\u00f3n de ox\u00edgeno en el embalse, los peces m\u00e1s vulnerables son las sardinas. Tememos que los niveles de ox\u00edgeno contin\u00faen reduci\u00e9ndose y mueran otras especies que habitan en el cuerpo de agua como el diablillo rojo y el s\u00e1balo. La funci\u00f3n de estos peces en el embalse es precisamente servir de indicador de las condiciones de agua de nuestros embalses, adem\u00e1s de que permiten la pesca recreativa&#8217;, manifest\u00f3 Guerrero P\u00e9rez en un comunicado de prensa.<\/p>\n<p>De acuerdo al estimado de la bi\u00f3loga y oficial de manejo de ese Refugio de Vida Silvestre, Marinelly Valent\u00edn S\u00edvico, el jueves en la ma\u00f1ana aparecieron muertas cerca de 8,000 sardinas que las aves, tortugas y murci\u00e9lagos han estado consumiendo. Esta ma\u00f1ana hab\u00eda otras miles m\u00e1s de sardinas muertas. La gran cantidad de peces acumulados en el cuerpo de agua ha dificultado el poder precisar una cifra.<\/p><div class=\"notic-content-middle\" id=\"notic-2812081782\"><div class=\"notic-adlabel\">Advertisements<\/div><a data-no-instant=\"1\" href=\"https:\/\/qrco.de\/bgxd5v\" rel=\"noopener\" class=\"a2t-link\" target=\"_blank\" aria-label=\"DisplayAd-728&#215;903\"><img loading=\"lazy\" decoding=\"async\" src=\"https:\/\/cdn.noticel.com\/2026\/09\/02195509\/DisplayAd-728x903-1.jpg\" alt=\"\"  srcset=\"https:\/\/cdn.noticel.com\/2026\/09\/02195509\/DisplayAd-728x903-1.jpg 728w, https:\/\/cdn.noticel.com\/2026\/09\/02195509\/DisplayAd-728x903-1-300x37.jpg 300w, https:\/\/cdn.noticel.com\/2026\/09\/02195509\/DisplayAd-728x903-1-18x2.jpg 18w\" sizes=\"(max-width: 728px) 100vw, 728px\" width=\"728\" height=\"90\"   \/><\/a><\/div>\n<p>La planificadora hizo un llamado a la ciudadan\u00eda a no consumir o tocar estos peces muertos ya que se descomponen r\u00e1pidamente y pueden representar un riesgo a la salud. El acceso al \u00e1rea recreativa del Embalse La Plata fue cerrado al p\u00fablico el mi\u00e9rcoles, 1 de julio, sin embargo, los peces muertos se acumulan en la orilla del cuerpo de agua lo que hace m\u00e1s f\u00e1cil que una persona pueda entrar en contacto con alguno.<\/p>\n<p>Los peces muertos ser\u00e1n removidos del embalse y usados en un proyecto de composta. Valent\u00edn S\u00edvico trabajar\u00e1 un plan de acci\u00f3n que contempla la disposici\u00f3n de estos peces y su uso como materia org\u00e1nica, as\u00ed como el constante monitoreo y an\u00e1lisis del agua.<\/p>\n<p>El a\u00f1o pasado tambi\u00e9n se report\u00f3 la mortandad de miles de peces en dos ocasiones cuando los niveles del embalse La Plata se redujeron considerablemente.<\/p>","protected":false},"excerpt":{"rendered":"<p>La secretaria del Departamento de Recursos Naturales y Ambientales (DRNA), Carmen Guerrero Perez, inform\u00f3 el s\u00e1bado que, por dos d\u00edas consecutivos se report\u00f3 una mortandad masiva de peces en el Refugio de Vida Silvestre del Embalse La Plata, en Toa Alta, debido a los bajos niveles de agua. La titular explic\u00f3 que la reducci\u00f3n de [&hellip;]<\/p>","protected":false},"author":0,"featured_media":444386,"comment_status":"closed","ping_status":"closed","sticky":false,"template":"","format":"standard","meta":{"_acf_changed":false,"_monsterinsights_skip_tracking":false,"ep_exclude_from_search":false,"footnotes":""},"categories":[2],"tags":[],"class_list":["post-78611","post","type-post","status-publish","format-standard","has-post-thumbnail","hentry","category-ultima-hora"],"acf":[],"aioseo_notices":[],"_links":{"self":[{"href":"https:\/\/noticel.com\/en\/wp-json\/wp\/v2\/posts\/78611","targetHints":{"allow":["GET"]}}],"collection":[{"href":"https:\/\/noticel.com\/en\/wp-json\/wp\/v2\/posts"}],"about":[{"href":"https:\/\/noticel.com\/en\/wp-json\/wp\/v2\/types\/post"}],"replies":[{"embeddable":true,"href":"https:\/\/noticel.com\/en\/wp-json\/wp\/v2\/comments?post=78611"}],"version-history":[{"count":1,"href":"https:\/\/noticel.com\/en\/wp-json\/wp\/v2\/posts\/78611\/revisions"}],"predecessor-version":[{"id":444388,"href":"https:\/\/noticel.com\/en\/wp-json\/wp\/v2\/posts\/78611\/revisions\/444388"}],"wp:featuredmedia":[{"embeddable":true,"href":"https:\/\/noticel.com\/en\/wp-json\/wp\/v2\/media\/444386"}],"wp:attachment":[{"href":"https:\/\/noticel.com\/en\/wp-json\/wp\/v2\/media?parent=78611"}],"wp:term":[{"taxonomy":"category","embeddable":true,"href":"https:\/\/noticel.com\/en\/wp-json\/wp\/v2\/categories?post=78611"},{"taxonomy":"post_tag","embeddable":true,"href":"https:\/\/noticel.com\/en\/wp-json\/wp\/v2\/tags?post=78611"}],"curies":[{"name":"wp","href":"https:\/\/api.w.org\/{rel}","templated":true}]}}