{"id":77474,"date":"2018-05-08T00:00:00","date_gmt":"2018-05-08T04:00:00","guid":{"rendered":"http:\/\/www.noticel.com\/la-calle\/20180508\/graves-dos-menores-de-edad-por-accidente-en-bicicleta-de-motor\/"},"modified":"2025-07-16T14:56:47","modified_gmt":"2025-07-16T14:56:47","slug":"graves-dos-menores-de-edad-por-accidente-en-bicicleta-de-motor","status":"publish","type":"post","link":"https:\/\/noticel.com\/en\/noticias\/la-calle\/20180508\/graves-dos-menores-de-edad-por-accidente-en-bicicleta-de-motor\/","title":{"rendered":"Graves dos menores de edad por accidente en bicicleta de motor"},"content":{"rendered":"<p><i>Ocurri\u00f3 en can\u00f3vanas.<\/i><\/p>\n<p>Dos menores que utilizaban una bicicleta de motor resultaron heridos de gravedad luego de chocar con un auto en la calle Begonia que ubica frente a la Urbanizaci\u00f3n Lo\u00edza Valley en Can\u00f3vanas.<\/p>\n<p>Seg\u00fan el informe de la Polic\u00eda, mientras un menor de 15 a\u00f1os conduc\u00eda la bicicleta de motor junto a otro menor de pasajero, al intersecci\u00f3n con la calle Caliopsi no tomaron las debidas precauciones por lo que impactaran el veh\u00edculo Honda CRV color blanco, que era conducido por Kayshmarie Gonz\u00e1lez Marcano de 22 a\u00f1os y residente del mismo pueblo.<\/p><div class=\"notic-content-middle\" id=\"notic-3567270022\"><div class=\"notic-adlabel\">Advertisements<\/div><a data-no-instant=\"1\" href=\"https:\/\/www.asegurate-bien.com\/\" rel=\"noopener\" class=\"a2t-link\" target=\"_blank\" aria-label=\"Acodese-Adaptaciones-Noticel-970&#215;250\"><img loading=\"lazy\" decoding=\"async\" src=\"https:\/\/cdn.noticel.com\/2026\/05\/30100504\/Acodese-Adaptaciones-Noticel-970x250-1.jpg\" alt=\"\"  srcset=\"https:\/\/cdn.noticel.com\/2026\/05\/30100504\/Acodese-Adaptaciones-Noticel-970x250-1.jpg 970w, https:\/\/cdn.noticel.com\/2026\/05\/30100504\/Acodese-Adaptaciones-Noticel-970x250-1-300x77.jpg 300w, https:\/\/cdn.noticel.com\/2026\/05\/30100504\/Acodese-Adaptaciones-Noticel-970x250-1-768x198.jpg 768w, https:\/\/cdn.noticel.com\/2026\/05\/30100504\/Acodese-Adaptaciones-Noticel-970x250-1-18x5.jpg 18w\" sizes=\"(max-width: 970px) 100vw, 970px\" width=\"970\" height=\"250\"   \/><\/a><\/div>\n<p>Tras el choque, ambos menores fueron transportados al Hospital de la Universidad de Puerto Rico (UPR) en Carolina, donde la doctora Rodr\u00edguez los estabilizo y los transfiri\u00f3 al Hospital Centro Medico de R\u00edo Piedras en condici\u00f3n de gravedad.<\/p>\n<p>Por su parte, Gonz\u00e1lez Marcano fue transportada a la Divisi\u00f3n de Patrullas y Carreteras de Carolina donde se le realiz\u00f3 la prueba de alcohol en el aliento, arrojando 0.00% de alcohol en su organismo.<\/p>\n<p>El agente Jose Rodr\u00edguez adscrito a la Divisi\u00f3n de Patrullas y Carreteras de Carolina junto al fiscal Janira Col\u00f3n se hicieron cargo de la investigaci\u00f3n.<\/p>","protected":false},"excerpt":{"rendered":"<p>Ocurri\u00f3 en can\u00f3vanas. Dos menores que utilizaban una bicicleta de motor resultaron heridos de gravedad luego de chocar con un auto en la calle Begonia que ubica frente a la Urbanizaci\u00f3n Lo\u00edza Valley en Can\u00f3vanas. Seg\u00fan el informe de la Polic\u00eda, mientras un menor de 15 a\u00f1os conduc\u00eda la bicicleta de motor junto a otro [&hellip;]<\/p>","protected":false},"author":0,"featured_media":451636,"comment_status":"closed","ping_status":"closed","sticky":false,"template":"","format":"standard","meta":{"_acf_changed":false,"_monsterinsights_skip_tracking":false,"ep_exclude_from_search":false,"footnotes":""},"categories":[12],"tags":[],"class_list":["post-77474","post","type-post","status-publish","format-standard","has-post-thumbnail","hentry","category-la-calle"],"acf":[],"aioseo_notices":[],"_links":{"self":[{"href":"https:\/\/noticel.com\/en\/wp-json\/wp\/v2\/posts\/77474","targetHints":{"allow":["GET"]}}],"collection":[{"href":"https:\/\/noticel.com\/en\/wp-json\/wp\/v2\/posts"}],"about":[{"href":"https:\/\/noticel.com\/en\/wp-json\/wp\/v2\/types\/post"}],"replies":[{"embeddable":true,"href":"https:\/\/noticel.com\/en\/wp-json\/wp\/v2\/comments?post=77474"}],"version-history":[{"count":1,"href":"https:\/\/noticel.com\/en\/wp-json\/wp\/v2\/posts\/77474\/revisions"}],"predecessor-version":[{"id":451637,"href":"https:\/\/noticel.com\/en\/wp-json\/wp\/v2\/posts\/77474\/revisions\/451637"}],"wp:featuredmedia":[{"embeddable":true,"href":"https:\/\/noticel.com\/en\/wp-json\/wp\/v2\/media\/451636"}],"wp:attachment":[{"href":"https:\/\/noticel.com\/en\/wp-json\/wp\/v2\/media?parent=77474"}],"wp:term":[{"taxonomy":"category","embeddable":true,"href":"https:\/\/noticel.com\/en\/wp-json\/wp\/v2\/categories?post=77474"},{"taxonomy":"post_tag","embeddable":true,"href":"https:\/\/noticel.com\/en\/wp-json\/wp\/v2\/tags?post=77474"}],"curies":[{"name":"wp","href":"https:\/\/api.w.org\/{rel}","templated":true}]}}