{"id":77396,"date":"2015-09-13T00:00:00","date_gmt":"2015-09-13T04:00:00","guid":{"rendered":"http:\/\/www.noticel.com\/la-calle\/20150913\/encuentran-tres-cuerpos-flotando-en-salinas\/"},"modified":"2025-07-16T15:02:51","modified_gmt":"2025-07-16T15:02:51","slug":"encuentran-tres-cuerpos-flotando-en-salinas","status":"publish","type":"post","link":"https:\/\/noticel.com\/en\/noticias\/la-calle\/20150913\/encuentran-tres-cuerpos-flotando-en-salinas\/","title":{"rendered":"Encuentran tres cuerpos flotando en Salinas"},"content":{"rendered":"<p>La Polic\u00eda investiga el hallazgo de tres cad\u00e1veres flotando en el agua en el \u00e1rea al barrio Aguirre, sector Chorros en Salinas reportado a eso de las 12:58 de la tarde del domingo.<\/p>\n<p>De acuerdo con el informe policiaco, las autoridades fueron alertadas a trav\u00e9s del sistema de emergencias 911. Las v\u00edctimas fueron identificadas como Esteban Semidey Ortiz de 52 a\u00f1os; Gilberto Ortiz V\u00e1zquez de 60 y Carlos De Le\u00f3n de 73, todos residentes de esta zona.<\/p><div class=\"notic-content-middle\" id=\"notic-3034443865\"><div class=\"notic-adlabel\">Advertisements<\/div><a data-no-instant=\"1\" href=\"https:\/\/qrco.de\/bgxd5v\" rel=\"noopener\" class=\"a2t-link\" target=\"_blank\" aria-label=\"DisplayAds-970&#215;250\"><img loading=\"lazy\" decoding=\"async\" src=\"https:\/\/cdn.noticel.com\/2026\/08\/11180314\/DisplayAds-970x250-1.jpg\" alt=\"\"  srcset=\"https:\/\/cdn.noticel.com\/2026\/08\/11180314\/DisplayAds-970x250-1.jpg 970w, https:\/\/cdn.noticel.com\/2026\/08\/11180314\/DisplayAds-970x250-1-300x77.jpg 300w, https:\/\/cdn.noticel.com\/2026\/08\/11180314\/DisplayAds-970x250-1-768x198.jpg 768w, https:\/\/cdn.noticel.com\/2026\/08\/11180314\/DisplayAds-970x250-1-18x5.jpg 18w\" sizes=\"(max-width: 970px) 100vw, 970px\" width=\"970\" height=\"250\"   \/><\/a><\/div>\n<p>Seg\u00fan la Polic\u00eda, \u00e9stos zarparon al mediod\u00eda del s\u00e1bado desde el barrio Pozuelo en Guayama y la embarcaci\u00f3n fue encontrada vac\u00eda a eso de las 4:30 de la tarde en el cayo El\u00edas de la zona de Aguirre. Los familiares de las v\u00edctimas, los reportaron desaparecidos en horas de la tarde y noche del s\u00e1bado.<\/p>\n<p>Agentes adscritos al Distrito de Salinas y Mar\u00edtima se hicieron cargo de la investigaci\u00f3n.<\/p>","protected":false},"excerpt":{"rendered":"<p>La Polic\u00eda investiga el hallazgo de tres cad\u00e1veres flotando en el agua en el \u00e1rea al barrio Aguirre, sector Chorros en Salinas reportado a eso de las 12:58 de la tarde del domingo. De acuerdo con el informe policiaco, las autoridades fueron alertadas a trav\u00e9s del sistema de emergencias 911. Las v\u00edctimas fueron identificadas como [&hellip;]<\/p>","protected":false},"author":0,"featured_media":452056,"comment_status":"closed","ping_status":"closed","sticky":false,"template":"","format":"standard","meta":{"_acf_changed":false,"_monsterinsights_skip_tracking":false,"ep_exclude_from_search":false,"footnotes":""},"categories":[12],"tags":[],"class_list":["post-77396","post","type-post","status-publish","format-standard","has-post-thumbnail","hentry","category-la-calle"],"acf":[],"aioseo_notices":[],"_links":{"self":[{"href":"https:\/\/noticel.com\/en\/wp-json\/wp\/v2\/posts\/77396","targetHints":{"allow":["GET"]}}],"collection":[{"href":"https:\/\/noticel.com\/en\/wp-json\/wp\/v2\/posts"}],"about":[{"href":"https:\/\/noticel.com\/en\/wp-json\/wp\/v2\/types\/post"}],"replies":[{"embeddable":true,"href":"https:\/\/noticel.com\/en\/wp-json\/wp\/v2\/comments?post=77396"}],"version-history":[{"count":1,"href":"https:\/\/noticel.com\/en\/wp-json\/wp\/v2\/posts\/77396\/revisions"}],"predecessor-version":[{"id":452057,"href":"https:\/\/noticel.com\/en\/wp-json\/wp\/v2\/posts\/77396\/revisions\/452057"}],"wp:featuredmedia":[{"embeddable":true,"href":"https:\/\/noticel.com\/en\/wp-json\/wp\/v2\/media\/452056"}],"wp:attachment":[{"href":"https:\/\/noticel.com\/en\/wp-json\/wp\/v2\/media?parent=77396"}],"wp:term":[{"taxonomy":"category","embeddable":true,"href":"https:\/\/noticel.com\/en\/wp-json\/wp\/v2\/categories?post=77396"},{"taxonomy":"post_tag","embeddable":true,"href":"https:\/\/noticel.com\/en\/wp-json\/wp\/v2\/tags?post=77396"}],"curies":[{"name":"wp","href":"https:\/\/api.w.org\/{rel}","templated":true}]}}