{"id":77310,"date":"2012-08-15T00:00:00","date_gmt":"2012-08-15T04:00:00","guid":{"rendered":"http:\/\/www.noticel.com\/ahora\/20120815\/somoza-rechaza-menosprecio-a-profesor-molinelli\/"},"modified":"2025-07-16T15:08:06","modified_gmt":"2025-07-16T15:08:06","slug":"somoza-rechaza-menosprecio-a-profesor-molinelli","status":"publish","type":"post","link":"https:\/\/noticel.com\/en\/ultima-hora\/20120815\/somoza-rechaza-menosprecio-a-profesor-molinelli\/","title":{"rendered":"Somoza rechaza menosprecio a profesor Molinelli"},"content":{"rendered":"<p>El secretario de Justicia, Guillermo Somoza rechaz\u00f3 el mi\u00e9rcoles que la agencia que dirige est\u00e9 mancillando la reputaci\u00f3n del profesor universitario Jos\u00e9 Molinelli, a quien se le radicaron cargos criminales por supuestas violaciones a la Ley de \u00c9tica Gubernamental.<\/p>\n<p>&#8216;El Departamento de Justicia no se presta para eso&#8217;, dijo Somoza a preguntas de la prensa.<\/p>\n<p>Molinelli y un ex funcionario del Departamento de la Vivienda (DV), fueron acusados el mi\u00e9rcoles por violaciones a las disposiciones de la Ley de \u00c9tica Gubernamental.<\/p>\n<p>Seg\u00fan Justicia, Molinelli Freytes, fungiendo como director del programa de Ciencias Ambientales de la Universidad de Puerto Rico (UPR) y profesor a tiempo completo de dicho centro docente, utiliz\u00f3 las instalaciones y propiedad de la UPR para beneficio propio y de su compa\u00f1\u00eda, Geosistemas.<\/p>\n<p>Los delitos que le imputan a Federico Del Monte, se relacionan a la utilizaci\u00f3n de su puesto como secretario auxiliar del Departamento de la Vivienda (DV) para beneficiar al Acad\u00e9mico.<\/p>\n<p>Molinelli Freytes fue contrado por el arquitecto \u00c1ngel Cocero Cordero, quien estaba a cargo de rehabilitar las comunidades especiales Buena Vista en Humacao, Las Acerolas en Toa Baja y Playa en Guayanilla. Fue entonces que Del Monte le impuso a Cocero Cordero de manera expresa, la contrataci\u00f3n del doctor Molinelli Freytes para realizar dichos trabajos, influenciando as\u00ed en la contrataci\u00f3n.<\/p><div class=\"notic-content-middle\" id=\"notic-3410257419\"><div class=\"notic-adlabel\">Advertisements<\/div><a data-no-instant=\"1\" href=\"https:\/\/qrco.de\/bgxd5v\" rel=\"noopener\" class=\"a2t-link\" target=\"_blank\" aria-label=\"300X600-SEBUSCA3\"><img loading=\"lazy\" decoding=\"async\" src=\"https:\/\/cdn.noticel.com\/2026\/09\/02194515\/300X600-SEBUSCA3.jpg\" alt=\"\"  srcset=\"https:\/\/cdn.noticel.com\/2026\/09\/02194515\/300X600-SEBUSCA3.jpg 300w, https:\/\/cdn.noticel.com\/2026\/09\/02194515\/300X600-SEBUSCA3-150x300.jpg 150w, https:\/\/cdn.noticel.com\/2026\/09\/02194515\/300X600-SEBUSCA3-6x12.jpg 6w\" sizes=\"(max-width: 300px) 100vw, 300px\" width=\"300\" height=\"600\"   \/><\/a><\/div>\n<p>Tambi\u00e9n se supo que el Catedr\u00e1tico y Cocero Cordero discutieron en la Facultad de Ciencias Naturales de la UPR, los trabajos de fotogrametr\u00eda a realizarse en las comunidades especiales antes mencionadas.<\/p>\n<p>Por esos delitos Mar\u00eda de Lourdes Camareno D\u00e1vila, del Centro Judicial, de San Juan, encontr\u00f3 causa para juicio contra Molinelli Freytes, fij\u00e1ndole una fianza global de $1,000.<\/p>\n<p>Igual suerte corri\u00f3 Monte Garrido, a quien le impusieron una fianza de $500<\/p>\n<p>La vista preliminar, de este caso fue se\u00f1alada para el 28 de agosto de este a\u00f1o.<\/p>\n<p>Del Monte Garrido y Cocero Cordero ya hab\u00edan sido acusados por estar vinculados a otro esquema donde se despilfarraron y malversaron $6, 779,713.04 del presupuesto del Programa de Comunidades Especiales.<\/p>","protected":false},"excerpt":{"rendered":"<p>El secretario de Justicia, Guillermo Somoza rechaz\u00f3 el mi\u00e9rcoles que la agencia que dirige est\u00e9 mancillando la reputaci\u00f3n del profesor universitario Jos\u00e9 Molinelli, a quien se le radicaron cargos criminales por supuestas violaciones a la Ley de \u00c9tica Gubernamental. &#8216;El Departamento de Justicia no se presta para eso&#8217;, dijo Somoza a preguntas de la prensa. [&hellip;]<\/p>","protected":false},"author":0,"featured_media":452473,"comment_status":"closed","ping_status":"closed","sticky":false,"template":"","format":"standard","meta":{"_acf_changed":false,"_monsterinsights_skip_tracking":false,"ep_exclude_from_search":false,"footnotes":""},"categories":[2],"tags":[],"class_list":["post-77310","post","type-post","status-publish","format-standard","has-post-thumbnail","hentry","category-ultima-hora"],"acf":[],"aioseo_notices":[],"_links":{"self":[{"href":"https:\/\/noticel.com\/en\/wp-json\/wp\/v2\/posts\/77310","targetHints":{"allow":["GET"]}}],"collection":[{"href":"https:\/\/noticel.com\/en\/wp-json\/wp\/v2\/posts"}],"about":[{"href":"https:\/\/noticel.com\/en\/wp-json\/wp\/v2\/types\/post"}],"replies":[{"embeddable":true,"href":"https:\/\/noticel.com\/en\/wp-json\/wp\/v2\/comments?post=77310"}],"version-history":[{"count":1,"href":"https:\/\/noticel.com\/en\/wp-json\/wp\/v2\/posts\/77310\/revisions"}],"predecessor-version":[{"id":452475,"href":"https:\/\/noticel.com\/en\/wp-json\/wp\/v2\/posts\/77310\/revisions\/452475"}],"wp:featuredmedia":[{"embeddable":true,"href":"https:\/\/noticel.com\/en\/wp-json\/wp\/v2\/media\/452473"}],"wp:attachment":[{"href":"https:\/\/noticel.com\/en\/wp-json\/wp\/v2\/media?parent=77310"}],"wp:term":[{"taxonomy":"category","embeddable":true,"href":"https:\/\/noticel.com\/en\/wp-json\/wp\/v2\/categories?post=77310"},{"taxonomy":"post_tag","embeddable":true,"href":"https:\/\/noticel.com\/en\/wp-json\/wp\/v2\/tags?post=77310"}],"curies":[{"name":"wp","href":"https:\/\/api.w.org\/{rel}","templated":true}]}}