{"id":77125,"date":"2014-01-02T00:00:00","date_gmt":"2014-01-02T04:00:00","guid":{"rendered":"http:\/\/www.noticel.com\/deportes\/20140102\/iniesta-un-buen-2014-seria-ganarlo-todo\/"},"modified":"2025-07-16T15:20:55","modified_gmt":"2025-07-16T15:20:55","slug":"iniesta-un-buen-2014-seria-ganarlo-todo","status":"publish","type":"post","link":"https:\/\/noticel.com\/en\/deportes\/20140102\/iniesta-un-buen-2014-seria-ganarlo-todo\/","title":{"rendered":"Iniesta: &#8216;Un buen 2014 ser\u00eda ganarlo todo&#8217;"},"content":{"rendered":"<p>El centrocampista del Barcelona Andres Iniesta se ha mostrado hoy ambicioso respecto a las aspiraciones del equipo en este nuevo a\u00f1o al se\u00f1alar que &#8216;un buen 2014 ser\u00eda ganarlo todo&#8217;.<\/p>\n<p>Iniesta cree que encadenar Liga, Copa y Liga de Campeones debe ser el nuevo reto: &#8216;Por club, por historia, por jugadores, por plantilla y por los a\u00f1os que hemos tenido \u00faltimamente, el objetivo y la ambici\u00f3n es \u00e9sa: llegar a abril-mayo con opciones de ganar todas las competiciones. A nivel personal, estar bien, poder entrenar bien y seguir creciendo como jugador, que es lo que me hace feliz&#8217;.<\/p>\n<p>El manchego ha sido el encargado de comparecer en rueda de prensa tras el primer entrenamiento del a\u00f1o y se ha congratulado del regreso a la actividad del meta V\u00edctor Vald\u00e9s y del delantero Lionel Messi. &#8216;Con ellos no hay duda de que somos m\u00e1s fuertes&#8217;, ha indicado.<\/p>\n<p>Vald\u00e9s hace varios d\u00edas que se ejercita con normalidad y Messi regresar\u00e1 a los entrenamientos esta misma tarde, tras pasarse las \u00faltimas semanas recuper\u00e1ndose en Argentina de una rotura en el b\u00edceps femoral de la pierna izquierda.<\/p>\n<p>Iniesta ha reconocido que, con Messi en buena forma, el nivel del equipo sube varios pelda\u00f1os: &#8216;Sabemos de la importancia de Leo. Creo que lo sabemos todos. A nivel de juego, de n\u00fameros, de efectividad, de intimidaci\u00f3n incluso. (Su vuelta) es una de las grandes noticias para este a\u00f1o. Esperemos que se encuentre c\u00f3modo, que no tenga ning\u00fan contratiempo m\u00e1s y que pueda rendir como lo ha hecho siempre, como el n\u00famero uno&#8217;.<\/p>\n<p>Aunque el Barcelona regresa el pr\u00f3ximo domingo a la competici\u00f3n ante el Elche, el partido clave en esta primera mitad de enero ser\u00e1 el que los azulgranas disputar\u00e1n dentro de diez d\u00edas en el Calder\u00f3n, correspondiente a la \u00faltima jornada de la primera vuelta de la Liga.<\/p>\n<p>En este sentido, Iniesta ha reconocido que ser\u00e1 &#8216;un partido muy intenso por el rival y el escenario&#8217; y por el hecho de que ambos equipos llegar\u00e1n &#8216;pr\u00e1cticamente igualados&#8217; en lo alto de la clasificaci\u00f3n, pero no piensa que ese encuentro pueda suponer un punto de inflexi\u00f3n en la temporada.<\/p>\n<p>&#8216;Por un partido no puedes cambiar tus sensaciones. No creo que vaya a ser definitivo, porque a\u00fan queda mucho&#8217;, ha comentado el jugador azulgrana.<\/p>\n<p>Recientemente renovado hasta 2018, Iniesta se ha mostrado &#8216;feliz&#8217; por poder continuar en el Bar\u00e7a otras tres temporadas, y asegurado que nunca se plante\u00f3 otra opci\u00f3n que no fuera seguir vistiendo la camiseta azulgrana.<\/p>\n<p>&#8216;Soy una persona muy transparente y mi deseo ha sido siempre el mismo: seguir en el club. La \u00fanica cuesti\u00f3n era encontrar el momento de la firma y lo \u00fanico que me ha molestado es todo el ruido que se ha generado en torno a esto, porque se han dicho cosas que no eran ciertas&#8217;, ha apuntado.<\/p>\n<p>Que se d\u00e9 veracidad a ciertas informaciones en torno al equipo que, a su entender son falsas, es lo que ha denunciado su compa\u00f1ero Gerard Piqu\u00e9 en una entrevista concedida hoy al diario &#8216;Sport&#8217;.<\/p>\n<p>Iniesta est\u00e1 de acuerdo con \u00e9l, pero matiza que lo mejor es &#8216;aislarse de lo que viene de fuera&#8217; porque es perjudicial para el equipo.<\/p>\n<p>&#8216;A m\u00ed no me gusta fijarme mucho en lo que viene de fuera, es un desgaste que no nos favorece. Cuando hay cosas que no son ciertas y son fuertes tampoco somos tontos para estar callados, pero a lo que viene de fuera no tendr\u00edamos que prestarle m\u00e1s importancia de la que merece&#8217;, ha comentado al respecto.<\/p>","protected":false},"excerpt":{"rendered":"<p>El centrocampista del Barcelona Andres Iniesta se ha mostrado hoy ambicioso respecto a las aspiraciones del equipo en este nuevo a\u00f1o al se\u00f1alar que &#8216;un buen 2014 ser\u00eda ganarlo todo&#8217;. Iniesta cree que encadenar Liga, Copa y Liga de Campeones debe ser el nuevo reto: &#8216;Por club, por historia, por jugadores, por plantilla y por [&hellip;]<\/p>","protected":false},"author":0,"featured_media":453448,"comment_status":"closed","ping_status":"closed","sticky":false,"template":"","format":"standard","meta":{"_acf_changed":false,"_monsterinsights_skip_tracking":false,"ep_exclude_from_search":false,"footnotes":""},"categories":[31],"tags":[],"class_list":["post-77125","post","type-post","status-publish","format-standard","has-post-thumbnail","hentry","category-deportes"],"acf":[],"aioseo_notices":[],"_links":{"self":[{"href":"https:\/\/noticel.com\/en\/wp-json\/wp\/v2\/posts\/77125","targetHints":{"allow":["GET"]}}],"collection":[{"href":"https:\/\/noticel.com\/en\/wp-json\/wp\/v2\/posts"}],"about":[{"href":"https:\/\/noticel.com\/en\/wp-json\/wp\/v2\/types\/post"}],"replies":[{"embeddable":true,"href":"https:\/\/noticel.com\/en\/wp-json\/wp\/v2\/comments?post=77125"}],"version-history":[{"count":1,"href":"https:\/\/noticel.com\/en\/wp-json\/wp\/v2\/posts\/77125\/revisions"}],"predecessor-version":[{"id":453451,"href":"https:\/\/noticel.com\/en\/wp-json\/wp\/v2\/posts\/77125\/revisions\/453451"}],"wp:featuredmedia":[{"embeddable":true,"href":"https:\/\/noticel.com\/en\/wp-json\/wp\/v2\/media\/453448"}],"wp:attachment":[{"href":"https:\/\/noticel.com\/en\/wp-json\/wp\/v2\/media?parent=77125"}],"wp:term":[{"taxonomy":"category","embeddable":true,"href":"https:\/\/noticel.com\/en\/wp-json\/wp\/v2\/categories?post=77125"},{"taxonomy":"post_tag","embeddable":true,"href":"https:\/\/noticel.com\/en\/wp-json\/wp\/v2\/tags?post=77125"}],"curies":[{"name":"wp","href":"https:\/\/api.w.org\/{rel}","templated":true}]}}