{"id":77097,"date":"2014-05-15T00:00:00","date_gmt":"2014-05-15T04:00:00","guid":{"rendered":"http:\/\/www.noticel.com\/mundo\/20140515\/mueren-mas-de-un-centenar-de-miembros-de-boko-haram\/"},"modified":"2025-07-16T15:23:47","modified_gmt":"2025-07-16T15:23:47","slug":"mueren-mas-de-un-centenar-de-miembros-de-boko-haram","status":"publish","type":"post","link":"https:\/\/noticel.com\/en\/noticias\/mundo\/20140515\/mueren-mas-de-un-centenar-de-miembros-de-boko-haram\/","title":{"rendered":"Mueren m\u00e1s de un centenar de miembros de Boko Haram"},"content":{"rendered":"<p>Grupos vecinales de autodefensa mataron a entre cien y 200 miembros de la secta radical isl\u00e1mica Boko Haram en una emboscada en el norte de Nigeria, informaron fuentes pol\u00edticas y residentes del Estado de Borno.<\/p>\n<p>Un diputado de Borno confirm\u00f3 el ataque al rotativo nigeriano &#8216;Daily Trust&#8217;, sin desvelar su identidad.<\/p>\n<p>J\u00f3venes del distrito de Kala-Balge, en Borno, se organizaron el pasado mi\u00e9rcoles para atacar a miembros del grupo radical, que secuestr\u00f3 a m\u00e1s de 200 ni\u00f1as en una escuela de este mismo Estado del norte del pa\u00eds desde hace un mes.<\/p>\n<p>Los grupos vecinales organizaron la ofensiva tras conocer que miembros de Boko Haram iban a atacar la localidad de Rann, capital de la regi\u00f3n, y otros municipios cercanos.<\/p>\n<p>&#8216;Los aldeanos lograron proteger sus viviendas de los atacantes. Mataron a unos 200 miembros de la secta y muchos otros escaparon con heridas graves&#8217;, seg\u00fan el pol\u00edtico.<\/p>\n<p>Pertrechados con arcos y flechas, dagas y machetes, los residentes causaron un gran n\u00famero de bajas entre los fundamentalistas.<\/p>\n<p>&#8216;Fue una dura batalla. Eran cientos de atacantes que llegaron en camiones y estaban muy bien armados. Pero triunfamos&#8217;, coment\u00f3 a Efe uno de los l\u00edderes de la milicia vecinal, Umaru Siddiq, en conversaci\u00f3n telef\u00f3nica.<\/p>\n<p>&#8216;No cont\u00e9 el n\u00famero de muertos, pero otros que s\u00ed lo hicieron me dijeron que eran m\u00e1s de cien&#8217;, apunt\u00f3.<\/p><div class=\"notic-content-middle\" id=\"notic-2419735917\"><div class=\"notic-adlabel\">Advertisements<\/div><a data-no-instant=\"1\" href=\"https:\/\/qrco.de\/bgxd5v\" rel=\"noopener\" class=\"a2t-link\" target=\"_blank\" aria-label=\"DisplayAd-728&#215;903\"><img loading=\"lazy\" decoding=\"async\" src=\"https:\/\/cdn.noticel.com\/2026\/09\/02195509\/DisplayAd-728x903-1.jpg\" alt=\"\"  srcset=\"https:\/\/cdn.noticel.com\/2026\/09\/02195509\/DisplayAd-728x903-1.jpg 728w, https:\/\/cdn.noticel.com\/2026\/09\/02195509\/DisplayAd-728x903-1-300x37.jpg 300w, https:\/\/cdn.noticel.com\/2026\/09\/02195509\/DisplayAd-728x903-1-18x2.jpg 18w\" sizes=\"(max-width: 728px) 100vw, 728px\" width=\"728\" height=\"90\"   \/><\/a><\/div>\n<p>Los vecinos tambi\u00e9n se apoderaron de 70 motocicletas, dos camiones y un veh\u00edculo blindado en los que llegaron los hombres de Boko Haram, dos de los cuales fueron capturados.<\/p>\n<p>Era la segunda vez que los grupos vecinales repelen un ataque de los insurgentes de Boko Haram a Rann y las aldeas de los alrededores.<\/p>\n<p>Meses atr\u00e1s, la resistencia opuesta por los residentes tambi\u00e9n forz\u00f3 la retirada de Boko Haram, cuando los rebeldes intentaron atacar la zona de Kala-Balge.<\/p>\n<p>Este distrito est\u00e1 pr\u00f3ximo a Gamboru-Ngala, localidad pr\u00f3xima a la frontera con Camer\u00fan donde hombres armados de la secta radical mataron a m\u00e1s 300 personas y volaron un puente que serv\u00eda de paso fronterizo la pasada semana.<\/p>\n<p>Los grupos de autodefensa comenzaron a organizarse en Borno tras comprobar que las tropas desplegadas por el Ej\u00e9rcito nigeriano en la zona, tras la imposici\u00f3n del estado de emergencia el pasado a\u00f1o, ha sido incapaz de protegerlos.<\/p>\n<p>El Parlamento de Nigeria votar\u00e1 hoy sobre la petici\u00f3n del presidente, Goodluck Jonathan, de prorrogar seis meses la declaraci\u00f3n de emergencia en los Estados de Adamawa, Borno y Yobe, principales \u00e1reas de acci\u00f3n de Boko Haram.<\/p>\n<p>Boko Haram lucha por imponer su interpretaci\u00f3n de la &#8216;shar\u00eda&#8217; o ley isl\u00e1mica en Nigeria -pa\u00eds de mayor\u00eda musulmana en el norte y predominantemente cristiano en el sur- y mantiene una sangrienta campa\u00f1a armada que ha causado m\u00e1s de 3.000 muertos desde 2009.<\/p>","protected":false},"excerpt":{"rendered":"<p>Grupos vecinales de autodefensa mataron a entre cien y 200 miembros de la secta radical isl\u00e1mica Boko Haram en una emboscada en el norte de Nigeria, informaron fuentes pol\u00edticas y residentes del Estado de Borno. Un diputado de Borno confirm\u00f3 el ataque al rotativo nigeriano &#8216;Daily Trust&#8217;, sin desvelar su identidad. J\u00f3venes del distrito de [&hellip;]<\/p>","protected":false},"author":0,"featured_media":453645,"comment_status":"closed","ping_status":"closed","sticky":false,"template":"","format":"standard","meta":{"_acf_changed":false,"_monsterinsights_skip_tracking":false,"ep_exclude_from_search":false,"footnotes":""},"categories":[17],"tags":[],"class_list":["post-77097","post","type-post","status-publish","format-standard","has-post-thumbnail","hentry","category-mundo"],"acf":[],"aioseo_notices":[],"_links":{"self":[{"href":"https:\/\/noticel.com\/en\/wp-json\/wp\/v2\/posts\/77097","targetHints":{"allow":["GET"]}}],"collection":[{"href":"https:\/\/noticel.com\/en\/wp-json\/wp\/v2\/posts"}],"about":[{"href":"https:\/\/noticel.com\/en\/wp-json\/wp\/v2\/types\/post"}],"replies":[{"embeddable":true,"href":"https:\/\/noticel.com\/en\/wp-json\/wp\/v2\/comments?post=77097"}],"version-history":[{"count":1,"href":"https:\/\/noticel.com\/en\/wp-json\/wp\/v2\/posts\/77097\/revisions"}],"predecessor-version":[{"id":453646,"href":"https:\/\/noticel.com\/en\/wp-json\/wp\/v2\/posts\/77097\/revisions\/453646"}],"wp:featuredmedia":[{"embeddable":true,"href":"https:\/\/noticel.com\/en\/wp-json\/wp\/v2\/media\/453645"}],"wp:attachment":[{"href":"https:\/\/noticel.com\/en\/wp-json\/wp\/v2\/media?parent=77097"}],"wp:term":[{"taxonomy":"category","embeddable":true,"href":"https:\/\/noticel.com\/en\/wp-json\/wp\/v2\/categories?post=77097"},{"taxonomy":"post_tag","embeddable":true,"href":"https:\/\/noticel.com\/en\/wp-json\/wp\/v2\/tags?post=77097"}],"curies":[{"name":"wp","href":"https:\/\/api.w.org\/{rel}","templated":true}]}}