{"id":76621,"date":"2014-06-13T00:00:00","date_gmt":"2014-06-13T04:00:00","guid":{"rendered":"http:\/\/www.noticel.com\/la-calle\/20140613\/advertencia-de-inundaciones-para-oeste-y-suroeste\/"},"modified":"2025-07-16T15:58:50","modified_gmt":"2025-07-16T15:58:50","slug":"advertencia-de-inundaciones-para-oeste-y-suroeste","status":"publish","type":"post","link":"https:\/\/noticel.com\/en\/noticias\/la-calle\/20140613\/advertencia-de-inundaciones-para-oeste-y-suroeste\/","title":{"rendered":"Advertencia de inundaciones para oeste y suroeste"},"content":{"rendered":"<p>El Servicio Nacional de Meteorolog\u00eda (SNM) emiti\u00f3 la tarde del viernes una advertencia de inundaciones para los municipios de A\u00f1asco, Mayag\u00fcez, Lares, Maricao, Sabana Grande, San German, Yauco, San Sebasti\u00e1n, Las Mar\u00edas y Aguada.<\/p>\n<p>La advertencia est\u00e1 vigente hasta las 6:00 de la tarde para Mayag\u00fcez y su zona.<\/p>\n<p>Cerca de las 2:55 de la tarde el radar Doppler detect\u00f3 lluvia fuerte en la zona advertida que podr\u00eda seguir afectando esos municipios hasta las 6:00 de la tarde.<\/p><div class=\"notic-content-middle\" id=\"notic-87769230\"><div class=\"notic-adlabel\">Advertisements<\/div><a data-no-instant=\"1\" href=\"https:\/\/qrco.de\/bgxd5v\" rel=\"noopener\" class=\"a2t-link\" target=\"_blank\" aria-label=\"DisplayAds-970&#215;2503\"><img loading=\"lazy\" decoding=\"async\" src=\"https:\/\/cdn.noticel.com\/2026\/09\/02201056\/DisplayAds-970x2503-1.jpg\" alt=\"\"  srcset=\"https:\/\/cdn.noticel.com\/2026\/09\/02201056\/DisplayAds-970x2503-1.jpg 970w, https:\/\/cdn.noticel.com\/2026\/09\/02201056\/DisplayAds-970x2503-1-300x77.jpg 300w, https:\/\/cdn.noticel.com\/2026\/09\/02201056\/DisplayAds-970x2503-1-768x198.jpg 768w, https:\/\/cdn.noticel.com\/2026\/09\/02201056\/DisplayAds-970x2503-1-18x5.jpg 18w\" sizes=\"(max-width: 970px) 100vw, 970px\" width=\"970\" height=\"250\"   \/><\/a><\/div>\n<p>La lluvia adem\u00e1s provocar\u00eda altos niveles en cuerpos de agua e inundaciones en las calles, expresos y zonas de poco drenaje.<\/p>\n<p>El SNM advirti\u00f3 tener cautela con las inundaciones.<\/p>","protected":false},"excerpt":{"rendered":"<p>El Servicio Nacional de Meteorolog\u00eda (SNM) emiti\u00f3 la tarde del viernes una advertencia de inundaciones para los municipios de A\u00f1asco, Mayag\u00fcez, Lares, Maricao, Sabana Grande, San German, Yauco, San Sebasti\u00e1n, Las Mar\u00edas y Aguada. La advertencia est\u00e1 vigente hasta las 6:00 de la tarde para Mayag\u00fcez y su zona. Cerca de las 2:55 de la [&hellip;]<\/p>","protected":false},"author":0,"featured_media":456250,"comment_status":"closed","ping_status":"closed","sticky":false,"template":"","format":"standard","meta":{"_acf_changed":false,"_monsterinsights_skip_tracking":false,"ep_exclude_from_search":false,"footnotes":""},"categories":[12],"tags":[],"class_list":["post-76621","post","type-post","status-publish","format-standard","has-post-thumbnail","hentry","category-la-calle"],"acf":[],"aioseo_notices":[],"_links":{"self":[{"href":"https:\/\/noticel.com\/en\/wp-json\/wp\/v2\/posts\/76621","targetHints":{"allow":["GET"]}}],"collection":[{"href":"https:\/\/noticel.com\/en\/wp-json\/wp\/v2\/posts"}],"about":[{"href":"https:\/\/noticel.com\/en\/wp-json\/wp\/v2\/types\/post"}],"replies":[{"embeddable":true,"href":"https:\/\/noticel.com\/en\/wp-json\/wp\/v2\/comments?post=76621"}],"version-history":[{"count":1,"href":"https:\/\/noticel.com\/en\/wp-json\/wp\/v2\/posts\/76621\/revisions"}],"predecessor-version":[{"id":456251,"href":"https:\/\/noticel.com\/en\/wp-json\/wp\/v2\/posts\/76621\/revisions\/456251"}],"wp:featuredmedia":[{"embeddable":true,"href":"https:\/\/noticel.com\/en\/wp-json\/wp\/v2\/media\/456250"}],"wp:attachment":[{"href":"https:\/\/noticel.com\/en\/wp-json\/wp\/v2\/media?parent=76621"}],"wp:term":[{"taxonomy":"category","embeddable":true,"href":"https:\/\/noticel.com\/en\/wp-json\/wp\/v2\/categories?post=76621"},{"taxonomy":"post_tag","embeddable":true,"href":"https:\/\/noticel.com\/en\/wp-json\/wp\/v2\/tags?post=76621"}],"curies":[{"name":"wp","href":"https:\/\/api.w.org\/{rel}","templated":true}]}}