{"id":76587,"date":"2016-11-28T00:00:00","date_gmt":"2016-11-28T04:00:00","guid":{"rendered":"http:\/\/www.noticel.com\/la-calle\/20161128\/en-humacao-tambien-protestan-el-deposito-de-cenizas-galeria-2\/"},"modified":"2025-07-16T16:00:51","modified_gmt":"2025-07-16T16:00:51","slug":"en-humacao-tambien-protestan-el-deposito-de-cenizas-galeria-2","status":"publish","type":"post","link":"https:\/\/noticel.com\/en\/noticias\/la-calle\/20161128\/en-humacao-tambien-protestan-el-deposito-de-cenizas-galeria-2\/","title":{"rendered":"En Humacao tambi\u00e9n protestan el dep\u00f3sito de cenizas (galer\u00eda)"},"content":{"rendered":"<p><i>En Humacao tambi\u00e9n protestan el dep\u00f3sito de&#8230;<\/i><\/p>","protected":false},"excerpt":{"rendered":"<p>En Humacao tambi\u00e9n protestan el dep\u00f3sito de&#8230;<\/p>","protected":false},"author":0,"featured_media":456386,"comment_status":"closed","ping_status":"closed","sticky":false,"template":"","format":"standard","meta":{"_acf_changed":false,"_monsterinsights_skip_tracking":false,"ep_exclude_from_search":false,"footnotes":""},"categories":[12],"tags":[],"class_list":["post-76587","post","type-post","status-publish","format-standard","has-post-thumbnail","hentry","category-la-calle"],"acf":[],"aioseo_notices":[],"_links":{"self":[{"href":"https:\/\/noticel.com\/en\/wp-json\/wp\/v2\/posts\/76587","targetHints":{"allow":["GET"]}}],"collection":[{"href":"https:\/\/noticel.com\/en\/wp-json\/wp\/v2\/posts"}],"about":[{"href":"https:\/\/noticel.com\/en\/wp-json\/wp\/v2\/types\/post"}],"replies":[{"embeddable":true,"href":"https:\/\/noticel.com\/en\/wp-json\/wp\/v2\/comments?post=76587"}],"version-history":[{"count":1,"href":"https:\/\/noticel.com\/en\/wp-json\/wp\/v2\/posts\/76587\/revisions"}],"predecessor-version":[{"id":456397,"href":"https:\/\/noticel.com\/en\/wp-json\/wp\/v2\/posts\/76587\/revisions\/456397"}],"wp:featuredmedia":[{"embeddable":true,"href":"https:\/\/noticel.com\/en\/wp-json\/wp\/v2\/media\/456386"}],"wp:attachment":[{"href":"https:\/\/noticel.com\/en\/wp-json\/wp\/v2\/media?parent=76587"}],"wp:term":[{"taxonomy":"category","embeddable":true,"href":"https:\/\/noticel.com\/en\/wp-json\/wp\/v2\/categories?post=76587"},{"taxonomy":"post_tag","embeddable":true,"href":"https:\/\/noticel.com\/en\/wp-json\/wp\/v2\/tags?post=76587"}],"curies":[{"name":"wp","href":"https:\/\/api.w.org\/{rel}","templated":true}]}}