{"id":76368,"date":"2016-09-26T00:00:00","date_gmt":"2016-09-26T04:00:00","guid":{"rendered":"http:\/\/www.noticel.com\/el-tiempo\/la-calle\/20160926\/otra-ronda-de-aguaceros-y-tronadas-para-el-oeste\/"},"modified":"2025-07-16T16:18:14","modified_gmt":"2025-07-16T16:18:14","slug":"otra-ronda-de-aguaceros-y-tronadas-para-el-oeste","status":"publish","type":"post","link":"https:\/\/noticel.com\/en\/noticias\/la-calle\/20160926\/otra-ronda-de-aguaceros-y-tronadas-para-el-oeste\/","title":{"rendered":"Otra ronda de aguaceros y tronadas para el oeste"},"content":{"rendered":"<p>El Servicio Nacional de Meteorolog\u00eda (SNM) pronostic\u00f3 que las condiciones atmosfericas prevalecer\u00e1n bastante tranquilas en la ma\u00f1ana, aunque otra ronda de aguaceros y tronadas se desarrollar\u00e1 a traves del interior y oeste de Puerto Rico en la tarde.<\/p>\n<p>Durante los pr\u00f3ximos d\u00edas, los aguaceros en la tarde se desarrollar\u00e1n mayormente debido a la combinaci\u00f3n de los efectos locales con la humedad presente y el calor diurno.<\/p>\n<p>A trav\u00e9s de las aguas regionales, los navegantes pueden esperar oleaje de cinco pies o menos y vientos del este entre 10 y 15 nudos. Existe riesgo moderado de corrientes submarinas a trav\u00e9s de la costa norte de Puerto Rico.<\/p><div class=\"notic-content-middle\" id=\"notic-1647698623\"><div class=\"notic-adlabel\">Advertisements<\/div><a data-no-instant=\"1\" href=\"https:\/\/www.asegurate-bien.com\/\" rel=\"noopener\" class=\"a2t-link\" target=\"_blank\" aria-label=\"Acodese-Adaptaciones-Noticel-970&#215;250\"><img loading=\"lazy\" decoding=\"async\" src=\"https:\/\/cdn.noticel.com\/2026\/05\/30100504\/Acodese-Adaptaciones-Noticel-970x250-1.jpg\" alt=\"\"  srcset=\"https:\/\/cdn.noticel.com\/2026\/05\/30100504\/Acodese-Adaptaciones-Noticel-970x250-1.jpg 970w, https:\/\/cdn.noticel.com\/2026\/05\/30100504\/Acodese-Adaptaciones-Noticel-970x250-1-300x77.jpg 300w, https:\/\/cdn.noticel.com\/2026\/05\/30100504\/Acodese-Adaptaciones-Noticel-970x250-1-768x198.jpg 768w, https:\/\/cdn.noticel.com\/2026\/05\/30100504\/Acodese-Adaptaciones-Noticel-970x250-1-18x5.jpg 18w\" sizes=\"(max-width: 970px) 100vw, 970px\" width=\"970\" height=\"250\"   \/><\/a><\/div>\n<p>El cielo prevaleci\u00f3 de despejado a parcialmente nublado a trav\u00e9s de las islas durante las noche. Se observaron aguaceros pasajeros mayormente sobre las aguas mar afuera con aguaceros breves afectando el este de Puerto Rico.<\/p>\n<p>Las temperaturas m\u00ednimas durante la noche se mantuvieron entre los medios a altos 70 grados a trav\u00e9s de las \u00e1reas m\u00e1s bajas y en los altos 60 a los bajos 70 grados a trav\u00e9s de las \u00e1reas m\u00e1s elevadas. Los vientos estuvieron leves y variables.<\/p>","protected":false},"excerpt":{"rendered":"<p>El Servicio Nacional de Meteorolog\u00eda (SNM) pronostic\u00f3 que las condiciones atmosfericas prevalecer\u00e1n bastante tranquilas en la ma\u00f1ana, aunque otra ronda de aguaceros y tronadas se desarrollar\u00e1 a traves del interior y oeste de Puerto Rico en la tarde. Durante los pr\u00f3ximos d\u00edas, los aguaceros en la tarde se desarrollar\u00e1n mayormente debido a la combinaci\u00f3n de [&hellip;]<\/p>","protected":false},"author":0,"featured_media":457696,"comment_status":"closed","ping_status":"closed","sticky":false,"template":"","format":"standard","meta":{"_acf_changed":false,"_monsterinsights_skip_tracking":false,"ep_exclude_from_search":false,"footnotes":""},"categories":[18,12],"tags":[],"class_list":["post-76368","post","type-post","status-publish","format-standard","has-post-thumbnail","hentry","category-el-tiempo","category-la-calle"],"acf":[],"aioseo_notices":[],"_links":{"self":[{"href":"https:\/\/noticel.com\/en\/wp-json\/wp\/v2\/posts\/76368","targetHints":{"allow":["GET"]}}],"collection":[{"href":"https:\/\/noticel.com\/en\/wp-json\/wp\/v2\/posts"}],"about":[{"href":"https:\/\/noticel.com\/en\/wp-json\/wp\/v2\/types\/post"}],"replies":[{"embeddable":true,"href":"https:\/\/noticel.com\/en\/wp-json\/wp\/v2\/comments?post=76368"}],"version-history":[{"count":1,"href":"https:\/\/noticel.com\/en\/wp-json\/wp\/v2\/posts\/76368\/revisions"}],"predecessor-version":[{"id":457699,"href":"https:\/\/noticel.com\/en\/wp-json\/wp\/v2\/posts\/76368\/revisions\/457699"}],"wp:featuredmedia":[{"embeddable":true,"href":"https:\/\/noticel.com\/en\/wp-json\/wp\/v2\/media\/457696"}],"wp:attachment":[{"href":"https:\/\/noticel.com\/en\/wp-json\/wp\/v2\/media?parent=76368"}],"wp:term":[{"taxonomy":"category","embeddable":true,"href":"https:\/\/noticel.com\/en\/wp-json\/wp\/v2\/categories?post=76368"},{"taxonomy":"post_tag","embeddable":true,"href":"https:\/\/noticel.com\/en\/wp-json\/wp\/v2\/tags?post=76368"}],"curies":[{"name":"wp","href":"https:\/\/api.w.org\/{rel}","templated":true}]}}