{"id":75340,"date":"2012-03-23T00:00:00","date_gmt":"2012-03-23T04:00:00","guid":{"rendered":"http:\/\/www.noticel.com\/ahora\/20120323\/proponen-sistema-cooperativo-de-salud\/"},"modified":"2025-07-16T17:31:36","modified_gmt":"2025-07-16T17:31:36","slug":"proponen-sistema-cooperativo-de-salud","status":"publish","type":"post","link":"https:\/\/noticel.com\/en\/ultima-hora\/20120323\/proponen-sistema-cooperativo-de-salud\/","title":{"rendered":"Proponen Sistema Cooperativo de Salud"},"content":{"rendered":"<p>El Colegio de M\u00e9dicos-Cirujanos de Puerto Rico present\u00f3 una serie de propuestas a los partidos pol\u00edticos, entre las que se destaca un Sistema Cooperativo de Salud en la isla, para que lo incluyan en sus plataformas de Gobierno.<\/p>\n<p>De acuerdo a la doctora Alicia Feliberti, presidenta del Colegio, con esta movida se podr\u00eda reducir hasta un 50% los gastos de salud que asume el Gobierno por unos $1.9 billones anuales, porque se eliminar\u00eda a los intermediarios como las aseguradoras y los IPAs.<\/p>\n<p>El modelo ser\u00eda un tipo TPA o &#8216;third party administrator&#8217;, lo \u00fanico que los m\u00e9dicos son los que lo administrar\u00edan en vez de una aseguradora.<\/p>\n<p>Filiberti expuso que los m\u00e9dicos son las personas capacitadas para decidir qu\u00e9 servicio se le va a brindar al paciente.<\/p><div class=\"notic-content-middle\" id=\"notic-1109911518\"><div class=\"notic-adlabel\">Advertisements<\/div><a data-no-instant=\"1\" href=\"https:\/\/www.asegurate-bien.com\/\" rel=\"noopener\" class=\"a2t-link\" target=\"_blank\" aria-label=\"Acodese-Adaptaciones-Noticel-970&#215;90\"><img loading=\"lazy\" decoding=\"async\" src=\"https:\/\/cdn.noticel.com\/2026\/07\/30100146\/Acodese-Adaptaciones-Noticel-970x90-1.jpg\" alt=\"\"  srcset=\"https:\/\/cdn.noticel.com\/2026\/07\/30100146\/Acodese-Adaptaciones-Noticel-970x90-1.jpg 970w, https:\/\/cdn.noticel.com\/2026\/07\/30100146\/Acodese-Adaptaciones-Noticel-970x90-1-300x28.jpg 300w, https:\/\/cdn.noticel.com\/2026\/07\/30100146\/Acodese-Adaptaciones-Noticel-970x90-1-768x71.jpg 768w, https:\/\/cdn.noticel.com\/2026\/07\/30100146\/Acodese-Adaptaciones-Noticel-970x90-1-18x2.jpg 18w\" sizes=\"(max-width: 970px) 100vw, 970px\" width=\"970\" height=\"90\"   \/><\/a><\/div>\n<p>Por otra parte, Feliberti manifest\u00f3 que tambi\u00e9n se eliminar\u00edan los &#8216;capitation&#8217; a los m\u00e9dicos.<\/p>\n<p>De hecho, el pediatra V\u00edctor Ramos, presidente del Senado M\u00e9dico del Colegio, agreg\u00f3 que el Sistema Cooperativo de Salud ha sido ya implantado exitosamente en ciudades como San Pablo, en Brasil.<\/p>\n<p>Por lo pronto, esperan que los candidatos asistan ma\u00f1ana a una Asamblea que el Colegio tiene convocada en el Hotel Sheraton del Distrito del Centro de Convenciones, en San Juan.<\/p>","protected":false},"excerpt":{"rendered":"<p>El Colegio de M\u00e9dicos-Cirujanos de Puerto Rico present\u00f3 una serie de propuestas a los partidos pol\u00edticos, entre las que se destaca un Sistema Cooperativo de Salud en la isla, para que lo incluyan en sus plataformas de Gobierno. De acuerdo a la doctora Alicia Feliberti, presidenta del Colegio, con esta movida se podr\u00eda reducir hasta [&hellip;]<\/p>","protected":false},"author":0,"featured_media":463356,"comment_status":"closed","ping_status":"closed","sticky":false,"template":"","format":"standard","meta":{"_acf_changed":false,"_monsterinsights_skip_tracking":false,"ep_exclude_from_search":false,"footnotes":""},"categories":[2],"tags":[],"class_list":["post-75340","post","type-post","status-publish","format-standard","has-post-thumbnail","hentry","category-ultima-hora"],"acf":[],"aioseo_notices":[],"_links":{"self":[{"href":"https:\/\/noticel.com\/en\/wp-json\/wp\/v2\/posts\/75340","targetHints":{"allow":["GET"]}}],"collection":[{"href":"https:\/\/noticel.com\/en\/wp-json\/wp\/v2\/posts"}],"about":[{"href":"https:\/\/noticel.com\/en\/wp-json\/wp\/v2\/types\/post"}],"replies":[{"embeddable":true,"href":"https:\/\/noticel.com\/en\/wp-json\/wp\/v2\/comments?post=75340"}],"version-history":[{"count":1,"href":"https:\/\/noticel.com\/en\/wp-json\/wp\/v2\/posts\/75340\/revisions"}],"predecessor-version":[{"id":463358,"href":"https:\/\/noticel.com\/en\/wp-json\/wp\/v2\/posts\/75340\/revisions\/463358"}],"wp:featuredmedia":[{"embeddable":true,"href":"https:\/\/noticel.com\/en\/wp-json\/wp\/v2\/media\/463356"}],"wp:attachment":[{"href":"https:\/\/noticel.com\/en\/wp-json\/wp\/v2\/media?parent=75340"}],"wp:term":[{"taxonomy":"category","embeddable":true,"href":"https:\/\/noticel.com\/en\/wp-json\/wp\/v2\/categories?post=75340"},{"taxonomy":"post_tag","embeddable":true,"href":"https:\/\/noticel.com\/en\/wp-json\/wp\/v2\/tags?post=75340"}],"curies":[{"name":"wp","href":"https:\/\/api.w.org\/{rel}","templated":true}]}}