{"id":75089,"date":"2011-06-04T00:00:00","date_gmt":"2011-06-04T04:00:00","guid":{"rendered":"http:\/\/www.noticel.com\/vida\/20110604\/domingo-de-chamacas-en-el-vaticano\/"},"modified":"2025-07-16T17:52:16","modified_gmt":"2025-07-16T17:52:16","slug":"domingo-de-chamacas-en-el-vaticano","status":"publish","type":"post","link":"https:\/\/noticel.com\/en\/vida-y-bienestar\/20110604\/domingo-de-chamacas-en-el-vaticano\/","title":{"rendered":"Domingo de Chamacas en el Vaticano"},"content":{"rendered":"<p>D&#8217;Chamacas, un evento producido por mujeres y para mujeres, con arte, m\u00fasica y danza, se celebrar\u00e1 ma\u00f1ana domingo en The Vatican, con la participaci\u00f3n de destacadas artistas.<\/p>\n<p>Awilda Rodr\u00edguez Lora, productora junto a Dama Estrada, dijo que D&#8217;Chamacas es una experiencia interactiva para mujeres diversas y sus aliadas, donde se manifiestan diferentes vertientes referentes al arte: dj, m\u00fasica, fotograf\u00eda, proyecciones digitales, performance, poes\u00eda y danza, entre otros.<\/p>\n<p>La actividad en The Vatican (localizado en la calle Jord\u00e1n 703), a partir de las 7:00 de la noche, es una fiesta producida y dirigida por y para el g\u00e9nero femenino donde se crea una atm\u00f3sfera de confraternizaci\u00f3n.<\/p>\n<p>&#8216;Surge por la necesidad de eventos en la isla que ofrezcan un espacio y experiencia dirigido al mercado femenino. Adem\u00e1s, crea un taller donde las mujeres artistas puedan presentar su trabajo y talento con naturalidad, adquiriendo as\u00ed un apoyo econ\u00f3mico&#8217;, dijo Rodr\u00edguez Lora.<\/p>\n<p>La fiesta ser\u00e1 capitaneada por un equipo de trabajo femenino: productoras, anfitrionas, camareras, seguridad, artistas, poetas, sonidista, luminot\u00e9cnica y todas las asistentes de producci\u00f3n.<\/p>\n<p>Las actividades culturales comenzar\u00e1n a las 7:00 de la noche con poes\u00eda y luego con danza, performance y m\u00fasica en vivo.<\/p>\n<p>En el evento, que ser\u00e1 grabado y documentado, participar\u00e1n Carola Garc\u00eda, Macha Col\u00f3n y Los Okapi, Mima, las DJ Lisa, Malta India, Mujer Sat\u00e1nica, la bailarina Maria de Az\u00faa, Las Bataclanas, Leonor Jaume, Claudia I. Cornejo Amaya, Jimena Lloreda, Carla Cavina, Maria Gonz\u00e1lez, Yolanda Arroyo Pizarro, Mairym Cruz Bernal, Karen Rossi, entre otras.<\/p>","protected":false},"excerpt":{"rendered":"<p>D&#8217;Chamacas, un evento producido por mujeres y para mujeres, con arte, m\u00fasica y danza, se celebrar\u00e1 ma\u00f1ana domingo en The Vatican, con la participaci\u00f3n de destacadas artistas. Awilda Rodr\u00edguez Lora, productora junto a Dama Estrada, dijo que D&#8217;Chamacas es una experiencia interactiva para mujeres diversas y sus aliadas, donde se manifiestan diferentes vertientes referentes al [&hellip;]<\/p>","protected":false},"author":0,"featured_media":464895,"comment_status":"closed","ping_status":"closed","sticky":false,"template":"","format":"standard","meta":{"_acf_changed":false,"_monsterinsights_skip_tracking":false,"ep_exclude_from_search":false,"footnotes":""},"categories":[69],"tags":[],"class_list":["post-75089","post","type-post","status-publish","format-standard","has-post-thumbnail","hentry","category-vida-y-bienestar"],"acf":[],"aioseo_notices":[],"_links":{"self":[{"href":"https:\/\/noticel.com\/en\/wp-json\/wp\/v2\/posts\/75089","targetHints":{"allow":["GET"]}}],"collection":[{"href":"https:\/\/noticel.com\/en\/wp-json\/wp\/v2\/posts"}],"about":[{"href":"https:\/\/noticel.com\/en\/wp-json\/wp\/v2\/types\/post"}],"replies":[{"embeddable":true,"href":"https:\/\/noticel.com\/en\/wp-json\/wp\/v2\/comments?post=75089"}],"version-history":[{"count":1,"href":"https:\/\/noticel.com\/en\/wp-json\/wp\/v2\/posts\/75089\/revisions"}],"predecessor-version":[{"id":464896,"href":"https:\/\/noticel.com\/en\/wp-json\/wp\/v2\/posts\/75089\/revisions\/464896"}],"wp:featuredmedia":[{"embeddable":true,"href":"https:\/\/noticel.com\/en\/wp-json\/wp\/v2\/media\/464895"}],"wp:attachment":[{"href":"https:\/\/noticel.com\/en\/wp-json\/wp\/v2\/media?parent=75089"}],"wp:term":[{"taxonomy":"category","embeddable":true,"href":"https:\/\/noticel.com\/en\/wp-json\/wp\/v2\/categories?post=75089"},{"taxonomy":"post_tag","embeddable":true,"href":"https:\/\/noticel.com\/en\/wp-json\/wp\/v2\/tags?post=75089"}],"curies":[{"name":"wp","href":"https:\/\/api.w.org\/{rel}","templated":true}]}}