{"id":74683,"date":"2011-09-12T00:00:00","date_gmt":"2011-09-12T04:00:00","guid":{"rendered":"http:\/\/www.noticel.com\/ahora\/20110912\/mas-tiempo-a-de-castro-y-su-ex-en-juicio-por-evasion\/"},"modified":"2025-07-16T18:27:42","modified_gmt":"2025-07-16T18:27:42","slug":"mas-tiempo-a-de-castro-y-su-ex-en-juicio-por-evasion","status":"publish","type":"post","link":"https:\/\/noticel.com\/en\/ultima-hora\/20110912\/mas-tiempo-a-de-castro-y-su-ex-en-juicio-por-evasion\/","title":{"rendered":"M\u00e1s tiempo a De Castro y su ex en juicio por evasi\u00f3n"},"content":{"rendered":"<p>Tras una reuni\u00f3n que se extendi\u00f3 por poco m\u00e1s de dos horas, la representaci\u00f3n legal tanto del convicto legislador Jorge De Castro Font como de su ex esposa Lisandra Delgado y los fiscales acordaron que la vista preliminar contra la ex pareja por alegada evasi\u00f3n contributiva comenzar\u00e1 el pr\u00f3ximo mes de octubre en el Tribunal de San Juan en Hato Rey. Esto, luego que el juez Enrique Silva Avil\u00e9s concediera 30 d\u00edas para completar el descubrimiento de prueba.<\/p>\n<p>Seg\u00fan trascendi\u00f3, Delgado solicitar\u00eda un acuerdo de inmunidad. Sin embargo, tanto fiscal\u00eda como el abogado de defensa descartaron la existencia de un acuerdo.<\/p>\n<p>&#8216;Son meras especulaciones. Tanto el ministerio p\u00fablico como la defensa no tienen ning\u00fan tipo de acuerdo. Una vez sea el 7 de octubre vamos a tener m\u00e1s informaci\u00f3n sobre como va a ir llev\u00e1ndose a cabo los procedimientos de la vista preliminar&#8217;, detall\u00f3 el fiscal del Departamento de Justicia, Jos\u00e9 Orta.<\/p>\n<p>Mientras que uno de los abogados de Delgado, Harry Padilla asegur\u00f3 que &#8216;no hay nada de eso&#8217;. Por otra parte, indic\u00f3 que est\u00e1n preparados para enfrentar el proceso. &#8216;Si lo podemos resolver antes, pues lo resolvemos como todo proceso.<\/p>\n<p>Pero no es una cuesti\u00f3n de que estemos hablando de inmunidad. No se descarta un posible acuerdo&#8217;, se\u00f1al\u00f3. Silva Avil\u00e9s dio al licenciado Manny Su\u00e1rez, representaci\u00f3n de De Castro Font, hasta el 16 de septiembre para someter una <a href=\"https:\/\/noticel.com\/en\/noticia\/109968\/de-castro-destape-de-lo-que-justicia-sabe-desde-2008.html\/\" target=\"_blank\">moci\u00f3n bajo la doctrina de Kastigar<\/a>, en la que el juez determinar\u00e1 si se utiliz\u00f3 indebidamente prueba del testimonio del acusado en su contra.<\/p>\n<p>Tendr\u00e1 hasta la misma fecha para someter, adem\u00e1s, para inclusi\u00f3n de testigos que son funcionarios p\u00fablicos: Gualberto Ram\u00edrez del Departamento de Hacienda y Luis F. Mendoza de Auditor\u00eda de la Comisi\u00f3n Estatal de Elecciones.i La ex pareja enfrenta cargos por evasi\u00f3n contributiva durante el periodo de los a\u00f1os 2006 al 2008 en un total que asciende hasta los $600 mil. Tras concluir la vista, De Castro Font, antes de ser llevado para reingresar en la c\u00e1rcel federal por los cargos de corrupci\u00f3n por los que fue encontrado culpable, dijo encontrarse bien. &#8216;Estoy ense\u00f1ando ingl\u00e9s. El s\u00e1bado cumpl\u00ed 48 a\u00f1os y estoy bien&#8217;, se esuch\u00f3 decir al otrora legislador de la palma. La continuaci\u00f3n de la vista preliminar ser\u00e1 el 8 y 31 de octubre y el 1, 2, 3, y 7 de noviembre.<\/p>","protected":false},"excerpt":{"rendered":"<p>Tras una reuni\u00f3n que se extendi\u00f3 por poco m\u00e1s de dos horas, la representaci\u00f3n legal tanto del convicto legislador Jorge De Castro Font como de su ex esposa Lisandra Delgado y los fiscales acordaron que la vista preliminar contra la ex pareja por alegada evasi\u00f3n contributiva comenzar\u00e1 el pr\u00f3ximo mes de octubre en el Tribunal [&hellip;]<\/p>","protected":false},"author":0,"featured_media":467116,"comment_status":"closed","ping_status":"closed","sticky":false,"template":"","format":"standard","meta":{"_acf_changed":false,"_monsterinsights_skip_tracking":false,"ep_exclude_from_search":false,"footnotes":""},"categories":[2],"tags":[],"class_list":["post-74683","post","type-post","status-publish","format-standard","has-post-thumbnail","hentry","category-ultima-hora"],"acf":[],"aioseo_notices":[],"_links":{"self":[{"href":"https:\/\/noticel.com\/en\/wp-json\/wp\/v2\/posts\/74683","targetHints":{"allow":["GET"]}}],"collection":[{"href":"https:\/\/noticel.com\/en\/wp-json\/wp\/v2\/posts"}],"about":[{"href":"https:\/\/noticel.com\/en\/wp-json\/wp\/v2\/types\/post"}],"replies":[{"embeddable":true,"href":"https:\/\/noticel.com\/en\/wp-json\/wp\/v2\/comments?post=74683"}],"version-history":[{"count":1,"href":"https:\/\/noticel.com\/en\/wp-json\/wp\/v2\/posts\/74683\/revisions"}],"predecessor-version":[{"id":467118,"href":"https:\/\/noticel.com\/en\/wp-json\/wp\/v2\/posts\/74683\/revisions\/467118"}],"wp:featuredmedia":[{"embeddable":true,"href":"https:\/\/noticel.com\/en\/wp-json\/wp\/v2\/media\/467116"}],"wp:attachment":[{"href":"https:\/\/noticel.com\/en\/wp-json\/wp\/v2\/media?parent=74683"}],"wp:term":[{"taxonomy":"category","embeddable":true,"href":"https:\/\/noticel.com\/en\/wp-json\/wp\/v2\/categories?post=74683"},{"taxonomy":"post_tag","embeddable":true,"href":"https:\/\/noticel.com\/en\/wp-json\/wp\/v2\/tags?post=74683"}],"curies":[{"name":"wp","href":"https:\/\/api.w.org\/{rel}","templated":true}]}}