{"id":74625,"date":"2015-05-30T00:00:00","date_gmt":"2015-05-30T04:00:00","guid":{"rendered":"http:\/\/www.noticel.com\/ahora\/20150530\/encaminan-proceso-de-revision-tarifaria-de-la-aee\/"},"modified":"2025-07-16T18:31:44","modified_gmt":"2025-07-16T18:31:44","slug":"encaminan-proceso-de-revision-tarifaria-de-la-aee","status":"publish","type":"post","link":"https:\/\/noticel.com\/en\/ultima-hora\/20150530\/encaminan-proceso-de-revision-tarifaria-de-la-aee\/","title":{"rendered":"Encaminan proceso de revisi\u00f3n tarifaria de la AEE"},"content":{"rendered":"<p>La Comisi\u00f3n de Energ\u00eda de Puerto Rico (CEPR) emiti\u00f3 el viernes, la primera orden del procedimiento de revisi\u00f3n tarifaria, que establece los requisitos m\u00ednimos y gu\u00edas de presentaci\u00f3n de esta primera revisi\u00f3n de tarifas electricas, inform\u00f3 el presidente de la Comisi\u00f3n, el licenciado Agust\u00edn Carb\u00f3 Lugo.<\/p>\n<p>Las tarifas el\u00e9ctricas no se revisan desde 1989, por lo que este ser\u00e1 uno de los pr\u00f3ximos pasos que tomar\u00e1 la AEE.<\/p>\n<p>Con la orden, la comisi\u00f3n sent\u00f3 las bases para que la AEEsometa una propuesta de revisi\u00f3n tarifaria, al indicar c\u00f3mo se llevar\u00e1 a cabo el procedimiento, que incluye &#8216;desde la radicaci\u00f3n de una solicitud formal de la AEE para el establecimiento de nuevastarifas, la publicaci\u00f3n de edictos, la celebraci\u00f3n de vistas p\u00fablicas y vistas t\u00e9cnicas, as\u00ed como la presentaci\u00f3n de alegatos y otros incidentes procesales, inform\u00f3 el Presidente.<\/p><div class=\"notic-content-middle\" id=\"notic-3000158306\"><div class=\"notic-adlabel\">Advertisements<\/div><a data-no-instant=\"1\" href=\"https:\/\/www.asegurate-bien.com\/\" rel=\"noopener\" class=\"a2t-link\" target=\"_blank\" aria-label=\"Acodese-Adaptaciones-Noticel-728&#215;90\"><img loading=\"lazy\" decoding=\"async\" src=\"https:\/\/cdn.noticel.com\/2026\/07\/30095222\/Acodese-Adaptaciones-Noticel-728x90-1.jpg\" alt=\"\"  srcset=\"https:\/\/cdn.noticel.com\/2026\/07\/30095222\/Acodese-Adaptaciones-Noticel-728x90-1.jpg 728w, https:\/\/cdn.noticel.com\/2026\/07\/30095222\/Acodese-Adaptaciones-Noticel-728x90-1-300x37.jpg 300w, https:\/\/cdn.noticel.com\/2026\/07\/30095222\/Acodese-Adaptaciones-Noticel-728x90-1-18x2.jpg 18w\" sizes=\"(max-width: 728px) 100vw, 728px\" width=\"728\" height=\"90\"   \/><\/a><\/div>\n<p>En cuanto este proceso culmine, la CEPR analizar\u00e1 toda la informaci\u00f3n recibida y deliberar\u00e1 sobre los asuntos presentados en el caso. El proceso culminar\u00e1 con una Orden Final que contendr\u00e1 las determinaciones de hecho y las conclusiones de derecho y de pol\u00edtica p\u00fablica, y establecer\u00e1 las nuevas tarifas el\u00e9ctricas de la AEE.<\/p>\n<p>La Ley de Transformaci\u00f3n y Alivio Energ\u00e9tico, Ley 57-2014, seg\u00fan enmendada, le otorga la facultad exclusiva a laCEPRde revisar, aprobar y asegurarse de que las tarifassean justas y razonables. LaAEEdebe presentar prueba para sostener su propuesta de revisi\u00f3n tarifaria.<\/p>","protected":false},"excerpt":{"rendered":"<p>La Comisi\u00f3n de Energ\u00eda de Puerto Rico (CEPR) emiti\u00f3 el viernes, la primera orden del procedimiento de revisi\u00f3n tarifaria, que establece los requisitos m\u00ednimos y gu\u00edas de presentaci\u00f3n de esta primera revisi\u00f3n de tarifas electricas, inform\u00f3 el presidente de la Comisi\u00f3n, el licenciado Agust\u00edn Carb\u00f3 Lugo. Las tarifas el\u00e9ctricas no se revisan desde 1989, por [&hellip;]<\/p>","protected":false},"author":0,"featured_media":467381,"comment_status":"closed","ping_status":"closed","sticky":false,"template":"","format":"standard","meta":{"_acf_changed":false,"_monsterinsights_skip_tracking":false,"ep_exclude_from_search":false,"footnotes":""},"categories":[2],"tags":[],"class_list":["post-74625","post","type-post","status-publish","format-standard","has-post-thumbnail","hentry","category-ultima-hora"],"acf":[],"aioseo_notices":[],"_links":{"self":[{"href":"https:\/\/noticel.com\/en\/wp-json\/wp\/v2\/posts\/74625","targetHints":{"allow":["GET"]}}],"collection":[{"href":"https:\/\/noticel.com\/en\/wp-json\/wp\/v2\/posts"}],"about":[{"href":"https:\/\/noticel.com\/en\/wp-json\/wp\/v2\/types\/post"}],"replies":[{"embeddable":true,"href":"https:\/\/noticel.com\/en\/wp-json\/wp\/v2\/comments?post=74625"}],"version-history":[{"count":1,"href":"https:\/\/noticel.com\/en\/wp-json\/wp\/v2\/posts\/74625\/revisions"}],"predecessor-version":[{"id":467383,"href":"https:\/\/noticel.com\/en\/wp-json\/wp\/v2\/posts\/74625\/revisions\/467383"}],"wp:featuredmedia":[{"embeddable":true,"href":"https:\/\/noticel.com\/en\/wp-json\/wp\/v2\/media\/467381"}],"wp:attachment":[{"href":"https:\/\/noticel.com\/en\/wp-json\/wp\/v2\/media?parent=74625"}],"wp:term":[{"taxonomy":"category","embeddable":true,"href":"https:\/\/noticel.com\/en\/wp-json\/wp\/v2\/categories?post=74625"},{"taxonomy":"post_tag","embeddable":true,"href":"https:\/\/noticel.com\/en\/wp-json\/wp\/v2\/tags?post=74625"}],"curies":[{"name":"wp","href":"https:\/\/api.w.org\/{rel}","templated":true}]}}