{"id":74464,"date":"2014-10-28T00:00:00","date_gmt":"2014-10-28T04:00:00","guid":{"rendered":"http:\/\/www.noticel.com\/mundo\/20141028\/kim-jong-un-camina-con-baston-porque-tenia-un-quiste-en-el-tobillo\/"},"modified":"2025-07-16T18:45:09","modified_gmt":"2025-07-16T18:45:09","slug":"kim-jong-un-camina-con-baston-porque-tenia-un-quiste-en-el-tobillo","status":"publish","type":"post","link":"https:\/\/noticel.com\/en\/noticias\/mundo\/20141028\/kim-jong-un-camina-con-baston-porque-tenia-un-quiste-en-el-tobillo\/","title":{"rendered":"Kim Jong-un camina con bast\u00f3n porque ten\u00eda un quiste en el tobillo"},"content":{"rendered":"<p>Los servicios de inteligencia de Corea del Sur dijeron hoy que un quiste en el tobillo fue el motivo de que el l\u00edder norcoreano, Kim Jong-un, desapareciera durante m\u00e1s de 40 d\u00edas y de que ahora camine con la ayuda de un bast\u00f3n.<\/p>\n<p>El &#8216;l\u00edder supremo&#8217; se est\u00e1 recuperando de una operaci\u00f3n realizada entre septiembre y octubre en la que le extirparon el quiste, revel\u00f3 el Servicio Nacional de Inteligencia (NIS) surcoreano ante una comisi\u00f3n parlamentaria.<\/p>\n<p>Este organismo tambi\u00e9n cree que fue un m\u00e9dico extranjero quien practic\u00f3 la operaci\u00f3n a Kim Jong-un tras viajar a Pyongyang y considera que el quiste podr\u00eda reaparecer, revelaron a la agencia Yonhap dos disputados presentes en la comparecencia de los servicios de inteligencia.<\/p>\n<p>Los dos legisladores hablaron con la prensa local en Se\u00fal tras una auditor\u00eda parlamentaria a puerta cerrada con autoridades del NIS.<\/p><div class=\"notic-content-middle\" id=\"notic-2451628372\"><div class=\"notic-adlabel\">Advertisements<\/div><a data-no-instant=\"1\" href=\"http:\/\/jackpotdelencantopr.com\" rel=\"noopener\" class=\"a2t-link\" target=\"_blank\" aria-label=\"JP-Monopoly-Launch-Noticel-728&#215;90\"><img loading=\"lazy\" decoding=\"async\" src=\"https:\/\/cdn.noticel.com\/2026\/07\/15123521\/JP-Monopoly-Launch-Noticel-728x90-1.jpg\" alt=\"\"  srcset=\"https:\/\/cdn.noticel.com\/2026\/07\/15123521\/JP-Monopoly-Launch-Noticel-728x90-1.jpg 728w, https:\/\/cdn.noticel.com\/2026\/07\/15123521\/JP-Monopoly-Launch-Noticel-728x90-1-300x37.jpg 300w, https:\/\/cdn.noticel.com\/2026\/07\/15123521\/JP-Monopoly-Launch-Noticel-728x90-1-18x2.jpg 18w\" sizes=\"(max-width: 728px) 100vw, 728px\" width=\"728\" height=\"90\"   \/><\/a><\/div>\n<p>La reaparici\u00f3n de Kim Jong-un el pasado d\u00eda 14 puso fin a una prolongada ausencia que dio lugar a todo tipo de especulaciones, especialmente por parte de la prensa surcoreana, que mencion\u00f3 desde un supuesto golpe de Estado hasta que padec\u00eda gota, diabetes, ten\u00eda los tobillos fracturados o incluso que sufr\u00eda muerte cerebral.<\/p>\n<p>Desde entonces, el l\u00edder ha aparecido en todas las fotograf\u00edas apoyado en un bast\u00f3n, lo que confirma que tiene un problema de salud aunque es imposible comprobar con certeza de qu\u00e9 se trata dado el extremo hermetismo que rodea a la \u00e9lite norcoreana y a la familia Kim.<\/p>\n<p>Por otra parte, tambi\u00e9n se revel\u00f3 hoy que los servicios de inteligencia surcoreanos calculan que Corea del Norte, pa\u00eds donde se sigue aplicando la pena de muerte, ha ejecutado a unas 50 personas en lo que va de a\u00f1o.<\/p>","protected":false},"excerpt":{"rendered":"<p>Los servicios de inteligencia de Corea del Sur dijeron hoy que un quiste en el tobillo fue el motivo de que el l\u00edder norcoreano, Kim Jong-un, desapareciera durante m\u00e1s de 40 d\u00edas y de que ahora camine con la ayuda de un bast\u00f3n. El &#8216;l\u00edder supremo&#8217; se est\u00e1 recuperando de una operaci\u00f3n realizada entre septiembre [&hellip;]<\/p>","protected":false},"author":0,"featured_media":468319,"comment_status":"closed","ping_status":"closed","sticky":false,"template":"","format":"standard","meta":{"_acf_changed":false,"_monsterinsights_skip_tracking":false,"ep_exclude_from_search":false,"footnotes":""},"categories":[17],"tags":[],"class_list":["post-74464","post","type-post","status-publish","format-standard","has-post-thumbnail","hentry","category-mundo"],"acf":[],"aioseo_notices":[],"_links":{"self":[{"href":"https:\/\/noticel.com\/en\/wp-json\/wp\/v2\/posts\/74464","targetHints":{"allow":["GET"]}}],"collection":[{"href":"https:\/\/noticel.com\/en\/wp-json\/wp\/v2\/posts"}],"about":[{"href":"https:\/\/noticel.com\/en\/wp-json\/wp\/v2\/types\/post"}],"replies":[{"embeddable":true,"href":"https:\/\/noticel.com\/en\/wp-json\/wp\/v2\/comments?post=74464"}],"version-history":[{"count":1,"href":"https:\/\/noticel.com\/en\/wp-json\/wp\/v2\/posts\/74464\/revisions"}],"predecessor-version":[{"id":468321,"href":"https:\/\/noticel.com\/en\/wp-json\/wp\/v2\/posts\/74464\/revisions\/468321"}],"wp:featuredmedia":[{"embeddable":true,"href":"https:\/\/noticel.com\/en\/wp-json\/wp\/v2\/media\/468319"}],"wp:attachment":[{"href":"https:\/\/noticel.com\/en\/wp-json\/wp\/v2\/media?parent=74464"}],"wp:term":[{"taxonomy":"category","embeddable":true,"href":"https:\/\/noticel.com\/en\/wp-json\/wp\/v2\/categories?post=74464"},{"taxonomy":"post_tag","embeddable":true,"href":"https:\/\/noticel.com\/en\/wp-json\/wp\/v2\/tags?post=74464"}],"curies":[{"name":"wp","href":"https:\/\/api.w.org\/{rel}","templated":true}]}}