{"id":74399,"date":"2014-09-06T00:00:00","date_gmt":"2014-09-06T04:00:00","guid":{"rendered":"http:\/\/www.noticel.com\/mundo\/20140906\/video-captura-violenta-erupcion-del-volcan-tavurvur\/"},"modified":"2025-07-16T18:53:39","modified_gmt":"2025-07-16T18:53:39","slug":"video-captura-violenta-erupcion-del-volcan-tavurvur","status":"publish","type":"post","link":"https:\/\/noticel.com\/en\/noticias\/mundo\/20140906\/video-captura-violenta-erupcion-del-volcan-tavurvur\/","title":{"rendered":"V\u00eddeo captura violenta erupci\u00f3n del volc\u00e1n Tavurvur"},"content":{"rendered":"<p><i>V\u00eddeo captura violenta erupci\u00f3n del volc\u00e1n&#8230;<\/i><\/p>","protected":false},"excerpt":{"rendered":"<p>V\u00eddeo captura violenta erupci\u00f3n del volc\u00e1n&#8230;<\/p>","protected":false},"author":0,"featured_media":468837,"comment_status":"closed","ping_status":"closed","sticky":false,"template":"","format":"standard","meta":{"_acf_changed":false,"_monsterinsights_skip_tracking":false,"ep_exclude_from_search":false,"footnotes":""},"categories":[17],"tags":[],"class_list":["post-74399","post","type-post","status-publish","format-standard","has-post-thumbnail","hentry","category-mundo"],"acf":[],"aioseo_notices":[],"_links":{"self":[{"href":"https:\/\/noticel.com\/en\/wp-json\/wp\/v2\/posts\/74399","targetHints":{"allow":["GET"]}}],"collection":[{"href":"https:\/\/noticel.com\/en\/wp-json\/wp\/v2\/posts"}],"about":[{"href":"https:\/\/noticel.com\/en\/wp-json\/wp\/v2\/types\/post"}],"replies":[{"embeddable":true,"href":"https:\/\/noticel.com\/en\/wp-json\/wp\/v2\/comments?post=74399"}],"version-history":[{"count":1,"href":"https:\/\/noticel.com\/en\/wp-json\/wp\/v2\/posts\/74399\/revisions"}],"predecessor-version":[{"id":468838,"href":"https:\/\/noticel.com\/en\/wp-json\/wp\/v2\/posts\/74399\/revisions\/468838"}],"wp:featuredmedia":[{"embeddable":true,"href":"https:\/\/noticel.com\/en\/wp-json\/wp\/v2\/media\/468837"}],"wp:attachment":[{"href":"https:\/\/noticel.com\/en\/wp-json\/wp\/v2\/media?parent=74399"}],"wp:term":[{"taxonomy":"category","embeddable":true,"href":"https:\/\/noticel.com\/en\/wp-json\/wp\/v2\/categories?post=74399"},{"taxonomy":"post_tag","embeddable":true,"href":"https:\/\/noticel.com\/en\/wp-json\/wp\/v2\/tags?post=74399"}],"curies":[{"name":"wp","href":"https:\/\/api.w.org\/{rel}","templated":true}]}}