{"id":73806,"date":"2013-12-24T00:00:00","date_gmt":"2013-12-24T04:00:00","guid":{"rendered":"http:\/\/www.noticel.com\/la-calle\/20131224\/acumulacion-de-agua-y-accidente-leve-en-la-pr-22\/"},"modified":"2025-08-21T06:44:41","modified_gmt":"2025-08-21T06:44:41","slug":"acumulacion-de-agua-y-accidente-leve-en-la-pr-22","status":"publish","type":"post","link":"https:\/\/noticel.com\/en\/noticias\/la-calle\/20131224\/acumulacion-de-agua-y-accidente-leve-en-la-pr-22\/","title":{"rendered":"Acumulaci\u00f3n de agua y accidente leve en la PR 22"},"content":{"rendered":"<p>Seg\u00fan mensajes de usuarios de @Transitopr, un accidente ocurrido en la salida hacia R\u00edo Hondo del expreso De Diego PR 22 complica el tr\u00e1fico en Bayam\u00f3n.<\/p>\n<p>Adem\u00e1s, se report\u00f3 acumulaci\u00f3n de agua en en el mismo expreso en Dorado, por lo que los conductores deber\u00e1n ejercer precauci\u00f3n.<\/p>\n<p>Tambi\u00e9n se report\u00f3 tap\u00f3n de Caguas a San Juan en la autopista Luis A. Ferr\u00e9 desde Montehiedra.<\/p><div class=\"notic-content-middle\" id=\"notic-685573447\"><div class=\"notic-adlabel\">Advertisements<\/div><a data-no-instant=\"1\" href=\"https:\/\/qrco.de\/bgxd5v\" rel=\"noopener\" class=\"a2t-link\" target=\"_blank\" aria-label=\"DisplayAds-970&#215;2503\"><img loading=\"lazy\" decoding=\"async\" src=\"https:\/\/cdn.noticel.com\/2026\/09\/02201056\/DisplayAds-970x2503-1.jpg\" alt=\"\"  srcset=\"https:\/\/cdn.noticel.com\/2026\/09\/02201056\/DisplayAds-970x2503-1.jpg 970w, https:\/\/cdn.noticel.com\/2026\/09\/02201056\/DisplayAds-970x2503-1-300x77.jpg 300w, https:\/\/cdn.noticel.com\/2026\/09\/02201056\/DisplayAds-970x2503-1-768x198.jpg 768w, https:\/\/cdn.noticel.com\/2026\/09\/02201056\/DisplayAds-970x2503-1-18x5.jpg 18w\" sizes=\"(max-width: 970px) 100vw, 970px\" width=\"970\" height=\"250\"   \/><\/a><\/div>\n<p>De otro lado, se inform\u00f3 de un derrumbe en Yabucoa en la carretera #3 del barrio Aguacate que obstruye todo el carril derecho.<\/p>\n<p>Asimismo, hace una hora se advirti\u00f3 de un cami\u00f3n detenido en el expreso Las Am\u00e9ricasen la salida5A hacia la avenida Pi\u00f1ero.<\/p>","protected":false},"excerpt":{"rendered":"<p>Seg\u00fan mensajes de usuarios de @Transitopr, un accidente ocurrido en la salida hacia R\u00edo Hondo del expreso De Diego PR 22 complica el tr\u00e1fico en Bayam\u00f3n. Adem\u00e1s, se report\u00f3 acumulaci\u00f3n de agua en en el mismo expreso en Dorado, por lo que los conductores deber\u00e1n ejercer precauci\u00f3n. Tambi\u00e9n se report\u00f3 tap\u00f3n de Caguas a San [&hellip;]<\/p>","protected":false},"author":0,"featured_media":884040,"comment_status":"closed","ping_status":"closed","sticky":false,"template":"","format":"standard","meta":{"_acf_changed":false,"_monsterinsights_skip_tracking":false,"ep_exclude_from_search":false,"footnotes":""},"categories":[12],"tags":[],"class_list":["post-73806","post","type-post","status-publish","format-standard","has-post-thumbnail","hentry","category-la-calle"],"acf":[],"aioseo_notices":[],"_links":{"self":[{"href":"https:\/\/noticel.com\/en\/wp-json\/wp\/v2\/posts\/73806","targetHints":{"allow":["GET"]}}],"collection":[{"href":"https:\/\/noticel.com\/en\/wp-json\/wp\/v2\/posts"}],"about":[{"href":"https:\/\/noticel.com\/en\/wp-json\/wp\/v2\/types\/post"}],"replies":[{"embeddable":true,"href":"https:\/\/noticel.com\/en\/wp-json\/wp\/v2\/comments?post=73806"}],"version-history":[{"count":1,"href":"https:\/\/noticel.com\/en\/wp-json\/wp\/v2\/posts\/73806\/revisions"}],"predecessor-version":[{"id":884048,"href":"https:\/\/noticel.com\/en\/wp-json\/wp\/v2\/posts\/73806\/revisions\/884048"}],"wp:featuredmedia":[{"embeddable":true,"href":"https:\/\/noticel.com\/en\/wp-json\/wp\/v2\/media\/884040"}],"wp:attachment":[{"href":"https:\/\/noticel.com\/en\/wp-json\/wp\/v2\/media?parent=73806"}],"wp:term":[{"taxonomy":"category","embeddable":true,"href":"https:\/\/noticel.com\/en\/wp-json\/wp\/v2\/categories?post=73806"},{"taxonomy":"post_tag","embeddable":true,"href":"https:\/\/noticel.com\/en\/wp-json\/wp\/v2\/tags?post=73806"}],"curies":[{"name":"wp","href":"https:\/\/api.w.org\/{rel}","templated":true}]}}