{"id":73697,"date":"2013-02-22T00:00:00","date_gmt":"2013-02-22T04:00:00","guid":{"rendered":"http:\/\/www.noticel.com\/mundo\/20130222\/catolicos-en-eeuu-favorecen-que-los-curas-se-casen\/"},"modified":"2025-08-24T17:10:28","modified_gmt":"2025-08-24T17:10:28","slug":"catolicos-en-eeuu-favorecen-que-los-curas-se-casen","status":"publish","type":"post","link":"https:\/\/noticel.com\/en\/noticias\/mundo\/20130222\/catolicos-en-eeuu-favorecen-que-los-curas-se-casen\/","title":{"rendered":"Cat\u00f3licos en EEUU favorecen que los curas se casen"},"content":{"rendered":"<p>Washington.- Los cat\u00f3licos en Estados Unidos est\u00e1n divididos sobre lo que buscan en el pr\u00f3ximo Papa, seg\u00fan una encuesta publicada hoy jueves, que apunta que el 58 % aceptar\u00eda que los curas se casaran y el 60 % ve bien que el pr\u00f3ximo obispo de Roma venga de \u00c1frica o de America Latina.<\/p>\n<p>Si bien el 46 % de los consultados cree que el pr\u00f3ximo supremo pont\u00edfice deber\u00eda mover a la iglesia cat\u00f3lica en una &#8216;nueva direcci\u00f3n&#8217;, el 51 % considera que debe &#8216;mantener las posiciones tradicionales&#8217;.<\/p>\n<p>Este porcentaje aumenta entre los cat\u00f3licos que dicen ir a misa al menos una vez a la semana, ya que cerca de dos tercios, el 63 %, quieren que el Papa mantenga la posici\u00f3n tradicional de la iglesia cat\u00f3lica.<\/p>\n<p>Estos son algunos de los datos extra\u00eddos de la encuesta realizada tras la inesperada renuncia de Benedicto XVI por el foro sobre religi\u00f3n y vida p\u00fablica del centro Pew de Washington a 1.504 adultos en los 50 estados del pa\u00eds, entre el 13 y el 18 de febrero y con un margen de error global de +\/- 2,9 puntos porcentuales.<\/p>\n<p>Entre los datos m\u00e1s llamativos destacan que el 58 % considerar\u00eda &#8216;bueno&#8217; que el papa autorizara el matrimonio a los curas, frente a la oposici\u00f3n del 35 % y un 8 % que dijo no tener opini\u00f3n al respecto.<\/p><div class=\"notic-content-middle\" id=\"notic-1079098932\"><div class=\"notic-adlabel\">Advertisements<\/div><a data-no-instant=\"1\" href=\"https:\/\/www.asegurate-bien.com\/\" rel=\"noopener\" class=\"a2t-link\" target=\"_blank\" aria-label=\"Acodese-Adaptaciones-Noticel-300&#215;250\"><img loading=\"lazy\" decoding=\"async\" src=\"https:\/\/cdn.noticel.com\/2026\/05\/30094423\/Acodese-Adaptaciones-Noticel-300x250-1.jpg\" alt=\"\"  srcset=\"https:\/\/cdn.noticel.com\/2026\/05\/30094423\/Acodese-Adaptaciones-Noticel-300x250-1.jpg 300w, https:\/\/cdn.noticel.com\/2026\/05\/30094423\/Acodese-Adaptaciones-Noticel-300x250-1-14x12.jpg 14w\" sizes=\"(max-width: 300px) 100vw, 300px\" width=\"300\" height=\"250\"   \/><\/a><\/div>\n<p>Adem\u00e1s, una mayor\u00eda del 60 % consider\u00f3 que ser\u00eda favorable que el sustituto de Benedicto XVI provenga de alg\u00fan pa\u00eds en v\u00edas de desarrollo de \u00c1frica, Asia o Am\u00e9rica Latina, frente al 14 % que no vio esta opci\u00f3n con buenos ojos y un 20 % que dijo no importarle su procedencia.<\/p>\n<p>En otra encuesta aparte realizada entre el 14 y el 17 de febrero a 1.003 adultos, tambi\u00e9n mediante entrevistas por tel\u00e9fono y con margen de error global de +\/- 3,7 puntos porcentuales, el centro Pew evalu\u00f3 la imagen de Benedicto XVI, que cont\u00f3 con el apoyo de tres cuartos de los consultados (el 74 %) frente al 90 % de su predecesor Juan Pablo II.<\/p>\n<p>&#8216;Los cat\u00f3licos en EE.UU. no est\u00e1n satisfechos con la gesti\u00f3n de Benedicto XVI del esc\u00e1ndalo de los abusos sexuales en la Iglesia&#8217;, apunta la encuesta.<\/p>\n<p>Los casos de abusos sexuales a menores por cl\u00e9rigos que salieron a la luz en 2010 en varios pa\u00edses, entre ellos Estados Unidos, removieron las estructuras de la Iglesia durante el pontificado de Benedicto XVI.<\/p>","protected":false},"excerpt":{"rendered":"<p>Washington.- Los cat\u00f3licos en Estados Unidos est\u00e1n divididos sobre lo que buscan en el pr\u00f3ximo Papa, seg\u00fan una encuesta publicada hoy jueves, que apunta que el 58 % aceptar\u00eda que los curas se casaran y el 60 % ve bien que el pr\u00f3ximo obispo de Roma venga de \u00c1frica o de America Latina. Si bien [&hellip;]<\/p>","protected":false},"author":0,"featured_media":906519,"comment_status":"closed","ping_status":"closed","sticky":false,"template":"","format":"standard","meta":{"_acf_changed":false,"_monsterinsights_skip_tracking":false,"ep_exclude_from_search":false,"footnotes":""},"categories":[17],"tags":[],"class_list":["post-73697","post","type-post","status-publish","format-standard","has-post-thumbnail","hentry","category-mundo"],"acf":[],"aioseo_notices":[],"_links":{"self":[{"href":"https:\/\/noticel.com\/en\/wp-json\/wp\/v2\/posts\/73697","targetHints":{"allow":["GET"]}}],"collection":[{"href":"https:\/\/noticel.com\/en\/wp-json\/wp\/v2\/posts"}],"about":[{"href":"https:\/\/noticel.com\/en\/wp-json\/wp\/v2\/types\/post"}],"replies":[{"embeddable":true,"href":"https:\/\/noticel.com\/en\/wp-json\/wp\/v2\/comments?post=73697"}],"version-history":[{"count":1,"href":"https:\/\/noticel.com\/en\/wp-json\/wp\/v2\/posts\/73697\/revisions"}],"predecessor-version":[{"id":906533,"href":"https:\/\/noticel.com\/en\/wp-json\/wp\/v2\/posts\/73697\/revisions\/906533"}],"wp:featuredmedia":[{"embeddable":true,"href":"https:\/\/noticel.com\/en\/wp-json\/wp\/v2\/media\/906519"}],"wp:attachment":[{"href":"https:\/\/noticel.com\/en\/wp-json\/wp\/v2\/media?parent=73697"}],"wp:term":[{"taxonomy":"category","embeddable":true,"href":"https:\/\/noticel.com\/en\/wp-json\/wp\/v2\/categories?post=73697"},{"taxonomy":"post_tag","embeddable":true,"href":"https:\/\/noticel.com\/en\/wp-json\/wp\/v2\/tags?post=73697"}],"curies":[{"name":"wp","href":"https:\/\/api.w.org\/{rel}","templated":true}]}}