{"id":72411,"date":"2015-01-08T00:00:00","date_gmt":"2015-01-08T04:00:00","guid":{"rendered":"http:\/\/www.noticel.com\/mundo\/20150108\/muere-policia-municipal-herida-en-tiroteo-en-el-sur-de-paris\/"},"modified":"2025-07-24T01:45:40","modified_gmt":"2025-07-24T01:45:40","slug":"muere-policia-municipal-herida-en-tiroteo-en-el-sur-de-paris","status":"publish","type":"post","link":"https:\/\/noticel.com\/en\/noticias\/mundo\/20150108\/muere-policia-municipal-herida-en-tiroteo-en-el-sur-de-paris\/","title":{"rendered":"Muere polic\u00eda municipal herida en tiroteo en el sur de Par\u00eds"},"content":{"rendered":"<p>La polic\u00eda municipal herida hoy en un tiroteo en Montrouge, en el sur de Par\u00eds, ha muerto, mientras que la otra v\u00edctima se halla en estado de extrema gravedad, informaron los medios franceses.<\/p>\n<p>Seg\u00fan los primeros indicios, un hombre ataviado con chaleco antibalas abri\u00f3 fuego con un arma autom\u00e1tica sobre los agentes de la polic\u00eda municipal que se hab\u00edan desplazado a causa de un accidente de circulaci\u00f3n, y posteriormente se dio a la fuga.<\/p>\n<p>La agente, de 35 a\u00f1os, fue alcanzada por los disparos, al igual que un empleado municipal.<\/p>\n<p>Por otro lado, las autoridades desmintieron que un sospechoso detenido esta ma\u00f1ana poco despu\u00e9s del ataque fuese el autor de los disparos.<\/p><div class=\"notic-content-middle\" id=\"notic-837857868\"><div class=\"notic-adlabel\">Advertisements<\/div><a data-no-instant=\"1\" href=\"https:\/\/qrco.de\/bgxd5v\" rel=\"noopener\" class=\"a2t-link\" target=\"_blank\" aria-label=\"DisplayAd-728&#215;90\"><img loading=\"lazy\" decoding=\"async\" src=\"https:\/\/cdn.noticel.com\/2026\/09\/02195051\/DisplayAd-728x90-1.jpg\" alt=\"\"  srcset=\"https:\/\/cdn.noticel.com\/2026\/09\/02195051\/DisplayAd-728x90-1.jpg 728w, https:\/\/cdn.noticel.com\/2026\/09\/02195051\/DisplayAd-728x90-1-300x37.jpg 300w, https:\/\/cdn.noticel.com\/2026\/09\/02195051\/DisplayAd-728x90-1-18x2.jpg 18w\" sizes=\"(max-width: 728px) 100vw, 728px\" width=\"728\" height=\"90\"   \/><\/a><\/div>\n<p>En concreto, el ministro del Interior, Bernard Cazeneuve, que se desplaz\u00f3 hasta el lugar del tiroteo, se\u00f1al\u00f3 que las fuerzas del orden y la fiscal\u00eda estaban trabajando para que &#8216;el autor de este crimen pueda ser identificado y detenido&#8217;.<\/p>\n<p>Una alusi\u00f3n al hecho de que un hombre de 52 a\u00f1os con antecedentes, arrestado en las proximidades de una entrada de metro pr\u00f3xima, no es el autor del tiroteo.<\/p>\n<p>De hecho, testigos de la escena se\u00f1alaron que el individuo armado atrac\u00f3 a un automovilista para llevarse su coche, un Renault Clio blanco, que fue localizado tiempo despu\u00e9s en la ciudad de Arcueil, tambi\u00e9n en la periferia sur de Par\u00eds.<\/p>\n<p>Por ahora, no hay ning\u00fan elemento que vincule esta acci\u00f3n con el atentado de ayer contra el semanario sat\u00edrico Charlie Hebdo, en el que fueron asesinadas 12 personas y once m\u00e1s resultaron heridas.<\/p>","protected":false},"excerpt":{"rendered":"<p>La polic\u00eda municipal herida hoy en un tiroteo en Montrouge, en el sur de Par\u00eds, ha muerto, mientras que la otra v\u00edctima se halla en estado de extrema gravedad, informaron los medios franceses. Seg\u00fan los primeros indicios, un hombre ataviado con chaleco antibalas abri\u00f3 fuego con un arma autom\u00e1tica sobre los agentes de la polic\u00eda [&hellip;]<\/p>","protected":false},"author":0,"featured_media":567015,"comment_status":"closed","ping_status":"closed","sticky":false,"template":"","format":"standard","meta":{"_acf_changed":false,"_monsterinsights_skip_tracking":false,"ep_exclude_from_search":false,"footnotes":""},"categories":[17],"tags":[],"class_list":["post-72411","post","type-post","status-publish","format-standard","has-post-thumbnail","hentry","category-mundo"],"acf":[],"aioseo_notices":[],"_links":{"self":[{"href":"https:\/\/noticel.com\/en\/wp-json\/wp\/v2\/posts\/72411","targetHints":{"allow":["GET"]}}],"collection":[{"href":"https:\/\/noticel.com\/en\/wp-json\/wp\/v2\/posts"}],"about":[{"href":"https:\/\/noticel.com\/en\/wp-json\/wp\/v2\/types\/post"}],"replies":[{"embeddable":true,"href":"https:\/\/noticel.com\/en\/wp-json\/wp\/v2\/comments?post=72411"}],"version-history":[{"count":1,"href":"https:\/\/noticel.com\/en\/wp-json\/wp\/v2\/posts\/72411\/revisions"}],"predecessor-version":[{"id":567019,"href":"https:\/\/noticel.com\/en\/wp-json\/wp\/v2\/posts\/72411\/revisions\/567019"}],"wp:featuredmedia":[{"embeddable":true,"href":"https:\/\/noticel.com\/en\/wp-json\/wp\/v2\/media\/567015"}],"wp:attachment":[{"href":"https:\/\/noticel.com\/en\/wp-json\/wp\/v2\/media?parent=72411"}],"wp:term":[{"taxonomy":"category","embeddable":true,"href":"https:\/\/noticel.com\/en\/wp-json\/wp\/v2\/categories?post=72411"},{"taxonomy":"post_tag","embeddable":true,"href":"https:\/\/noticel.com\/en\/wp-json\/wp\/v2\/tags?post=72411"}],"curies":[{"name":"wp","href":"https:\/\/api.w.org\/{rel}","templated":true}]}}