{"id":71615,"date":"2019-08-27T00:00:00","date_gmt":"2019-08-27T04:00:00","guid":{"rendered":"https:\/\/www.noticel.com\/la-calle\/resuelve\/vida\/20190827\/recomendaciones-de-los-mecanicos-para-la-temporada-ciclonica\/"},"modified":"2025-07-21T01:45:23","modified_gmt":"2025-07-21T01:45:23","slug":"recomendaciones-de-los-mecanicos-para-la-temporada-ciclonica","status":"publish","type":"post","link":"https:\/\/noticel.com\/en\/noticias\/la-calle\/20190827\/recomendaciones-de-los-mecanicos-para-la-temporada-ciclonica\/","title":{"rendered":"Recomendaciones de los mec\u00e1nicos para la temporada cicl\u00f3nica"},"content":{"rendered":"<p><i>As\u00ed puede cuidar su autom\u00f3vil y generadores<\/i><\/p>\n<p>El presidente del Colegio de T\u00e9cnicos y Mec\u00e1nicos Automotrices de Puerto Rico, Julio Bonilla, ofreci\u00f3 una serie de recomendaciones a los due\u00f1os de veh\u00edculos ante el paso de la tormenta tropical Dorian cerca de la Isla.<\/p>\n<p><strong>Entre las recomendaciones b\u00e1sicas se encuentran:<\/strong><\/p>\n<p>Llenar el tanque de gasolina y todos los lubricantes del veh\u00edculo.<\/p>\n<p>Utilice el veh\u00edculo m\u00e1s alto si se ve obligado a salir de su hogar durante la emergencia.<\/p>\n<p>No cruce \u00e1reas inundables porque los veh\u00edculos podr\u00edan absorber agua a trav\u00e9s del motor, y dejarle varado en una zona peligrosa.<\/p>\n<p><strong>El Colegio tambi\u00e9n ofreci\u00f3 recomendaciones para los propietarios de generadores el\u00e9ctricos:<\/strong><\/p><div class=\"notic-content-middle\" id=\"notic-1859751193\"><div class=\"notic-adlabel\">Advertisements<\/div><a data-no-instant=\"1\" href=\"https:\/\/qrco.de\/bgxd5v\" rel=\"noopener\" class=\"a2t-link\" target=\"_blank\" aria-label=\"DisplayAds-970&#215;2502\"><img loading=\"lazy\" decoding=\"async\" src=\"https:\/\/cdn.noticel.com\/2026\/09\/02200838\/DisplayAds-970x2502-1.jpg\" alt=\"\"  srcset=\"https:\/\/cdn.noticel.com\/2026\/09\/02200838\/DisplayAds-970x2502-1.jpg 970w, https:\/\/cdn.noticel.com\/2026\/09\/02200838\/DisplayAds-970x2502-1-300x77.jpg 300w, https:\/\/cdn.noticel.com\/2026\/09\/02200838\/DisplayAds-970x2502-1-768x198.jpg 768w, https:\/\/cdn.noticel.com\/2026\/09\/02200838\/DisplayAds-970x2502-1-18x5.jpg 18w\" sizes=\"(max-width: 970px) 100vw, 970px\" width=\"970\" height=\"250\"   \/><\/a><\/div>\n<p>Deben ubicarse en el exterior de la residencia y en un \u00e1rea ventilada.<\/p>\n<p>Deben ser instalados al sistema el\u00e9ctrico de la casa por un perito electricista debidamente colegiado para crear lo que se conoce como circuito de transferencia o &#8216;transfer switch&#8217;.<\/p>\n<p>Antes de recargar de gasolina o di\u00e9sel espere que se enfr\u00ede por lo menos una hora.<\/p>\n<p>Tenga un extintor de incendio como medida de prevenci\u00f3n.<\/p>\n<p>Las extensiones el\u00e9ctricas deben cumplir con los requisitos del fabricante para evitar incendios.<\/p>\n<p>Para cualquier duda o pregunta sobre medidas de seguridad de su veh\u00edculo, puede comunicarse al Colegio de T\u00e9cnicos y Mec\u00e1nicos Automotrices, al 787-740-8484.<\/p>","protected":false},"excerpt":{"rendered":"<p>As\u00ed puede cuidar su autom\u00f3vil y generadores El presidente del Colegio de T\u00e9cnicos y Mec\u00e1nicos Automotrices de Puerto Rico, Julio Bonilla, ofreci\u00f3 una serie de recomendaciones a los due\u00f1os de veh\u00edculos ante el paso de la tormenta tropical Dorian cerca de la Isla. Entre las recomendaciones b\u00e1sicas se encuentran: Llenar el tanque de gasolina y [&hellip;]<\/p>","protected":false},"author":0,"featured_media":543147,"comment_status":"closed","ping_status":"closed","sticky":false,"template":"","format":"standard","meta":{"_acf_changed":false,"_monsterinsights_skip_tracking":false,"ep_exclude_from_search":false,"footnotes":""},"categories":[12,69],"tags":[],"class_list":["post-71615","post","type-post","status-publish","format-standard","has-post-thumbnail","hentry","category-la-calle","category-vida-y-bienestar"],"acf":[],"aioseo_notices":[],"_links":{"self":[{"href":"https:\/\/noticel.com\/en\/wp-json\/wp\/v2\/posts\/71615","targetHints":{"allow":["GET"]}}],"collection":[{"href":"https:\/\/noticel.com\/en\/wp-json\/wp\/v2\/posts"}],"about":[{"href":"https:\/\/noticel.com\/en\/wp-json\/wp\/v2\/types\/post"}],"replies":[{"embeddable":true,"href":"https:\/\/noticel.com\/en\/wp-json\/wp\/v2\/comments?post=71615"}],"version-history":[{"count":1,"href":"https:\/\/noticel.com\/en\/wp-json\/wp\/v2\/posts\/71615\/revisions"}],"predecessor-version":[{"id":543148,"href":"https:\/\/noticel.com\/en\/wp-json\/wp\/v2\/posts\/71615\/revisions\/543148"}],"wp:featuredmedia":[{"embeddable":true,"href":"https:\/\/noticel.com\/en\/wp-json\/wp\/v2\/media\/543147"}],"wp:attachment":[{"href":"https:\/\/noticel.com\/en\/wp-json\/wp\/v2\/media?parent=71615"}],"wp:term":[{"taxonomy":"category","embeddable":true,"href":"https:\/\/noticel.com\/en\/wp-json\/wp\/v2\/categories?post=71615"},{"taxonomy":"post_tag","embeddable":true,"href":"https:\/\/noticel.com\/en\/wp-json\/wp\/v2\/tags?post=71615"}],"curies":[{"name":"wp","href":"https:\/\/api.w.org\/{rel}","templated":true}]}}