{"id":71548,"date":"2016-05-10T00:00:00","date_gmt":"2016-05-10T04:00:00","guid":{"rendered":"http:\/\/www.noticel.com\/hack\/20160510\/reabre-el-observatorio-de-arecibo-con-nuevas-exhibiciones-interactivas\/"},"modified":"2025-07-29T13:48:58","modified_gmt":"2025-07-29T13:48:58","slug":"reabre-el-observatorio-de-arecibo-con-nuevas-exhibiciones-interactivas","status":"publish","type":"post","link":"https:\/\/noticel.com\/en\/mas\/otros\/20160510\/reabre-el-observatorio-de-arecibo-con-nuevas-exhibiciones-interactivas\/","title":{"rendered":"Reabre el Observatorio de Arecibo con nuevas exhibiciones interactivas"},"content":{"rendered":"<p>Explorar la Tierra y el Sistema Solar, crear un cr\u00e1ter y observar su formaci\u00f3n en c\u00e1mara lenta, convertirte en un pulsar humano que gira a diferentes velocidades, tocar un meteorito, ver una roca marciana y una roca de la luna, enviar un mensaje al espacio, son solo algunas de las nuevas experiencias que ofrecer\u00e1 el Centro de Ciencias y Visitantes Fundaci\u00f3n \u00c1ngel Ramos del Observatorio de Arecibo.<\/p>\n<p>Las nuevas exhibiciones est\u00e1n enfocadas en el trabajo que se realiza en el Observatorio de Arecibo, que permiten ampliar el conocimiento de los visitantes en las \u00e1reas de la radioastronom\u00eda, ciencias atmosf\u00e9ricas y estudios planetarios, de forma divertida.<\/p>\n<p>La inversi\u00f3n de esta remodelaci\u00f3n ascendi\u00f3 a 2.1 mill\u00f3n de d\u00f3lares y se logr\u00f3 gracias a la aportaci\u00f3n de la Fundaci\u00f3n \u00c1ngel Ramos y el Sistema Universitario Ana G. M\u00e9ndez. El Centro estuvo cerrado por siete meses para llevar a cabo estos trabajos. Las investigaciones y observaciones realizadas por cient\u00edficos utilizando el Radiotelescopio no se vieron afectadas de ninguna manera durante el cierre temporero y se realizaron como de costumbre, inform\u00f3 el director del Centro de Visitantes, Andrew Ortiz. Adem\u00e1s de la remodelaci\u00f3n interna de este centro educativo, se realiz\u00f3 una remodelaci\u00f3n f\u00edsica que a\u00f1adi\u00f3 un techo en la terraza de observaci\u00f3n, se construyeron m\u00e1s servicios sanitarios y tambi\u00e9n una fachada en la entrada al Centro.<\/p>\n<p>&#8216;Renovar las exhibiciones representa una nueva oportunidad para estimular los estudios en las ciencias, promover la curiosidad, la innovaci\u00f3n y la creatividad para esta nueva generaci\u00f3n de estudiantes. Adem\u00e1s evidencia la importancia de invertir en las ciencias planetarias, astronom\u00eda, ingenier\u00eda, y ciencias atmosf\u00e9ricas&#8217;, destac\u00f3 el rector de la Universidad Metropolitana, Carlos M. Pad\u00edn Bibiloni.<\/p>\n<p>Por su parte, el presidente de la Fundaci\u00f3n \u00c1ngel Ramos, licenciado Rafael Cort\u00e9s Dapena, indic\u00f3 que: &#8216;Conforme a nuestro compromiso con la educaci\u00f3n en Puerto Rico, el Observatorio de Arecibo es un proyecto que desde 1989 nos complace y enorgullece apoyar. Confiamos en que el \u2018nuevo&#8217; Centro servir\u00e1 de recurso pedag\u00f3gico para muchos de nuestros educadores y de est\u00edmulo para el estudio y cultivo de las ciencias. El Centro estar\u00e1 abierto para ni\u00f1os, estudiantes y j\u00f3venes universitarios, as\u00ed como para amantes de las ciencias, en fin, para la comunidad local e internacional. Si proveemos una mejor educaci\u00f3n lograremos un mejor Puerto Rico.&#8217;<\/p>\n<p>El Centro recibe un promedio de 90,000 visitantes anualmente, de Puerto Rico y el mundo entero. El Observatorio de Arecibo es el hogar del radiotelescopio de un solo plato m\u00e1s grande y sensitivo del mundo operado por SRI International en alianza con el Sistema Universitario Ana G. M\u00e9ndez- Universidad Metropolitana y la Universities Space Research Association (USRA), bajo un acuerdo cooperativo con la Sociedad Nacional de las Ciencias conocido en ingl\u00e9s como NSF. El programa de radar planetario es apoyado por el programa NASA&#8217;s Near Earth Object Observation Program.<\/p>\n<p>&#8216;Estamos listos para recibir a miles de visitantes, algunos aficionados a las ciencias y otros que por primera vez llegar\u00e1n a este lugar a disfrutar de las nuevas exhibiciones. El objetivo de acercar el conocimiento cient\u00edfico a la comunidad general se ve plasmado en esta inauguraci\u00f3n que hoy celebramos&#8217;, afirm\u00f3 el presidente interino del SUAGM, Jos\u00e9 F. M\u00e9ndez M\u00e9ndez.<\/p>\n<p>La tarifa de admisi\u00f3n es de $12 para adultos y $8 para ni\u00f1os (5-12 a\u00f1os) y seniors. Esto incluye un recorrido por el Centro de Ciencia y Visitantes, una pel\u00edcula sobre la historia y trabajo del Observatorio de Arecibo, una breve charla por un gu\u00eda acad\u00e9mico y la vista a la terraza de observaci\u00f3n para apreciar la impresionante vista. Hay precios especiales para grupos de escuela y campamentos. Para m\u00e1s informaci\u00f3n llame al 787-878-2612, extensiones 346 o 312. En las redes sociales: Facebook- Arecibo.Observatory y en Twitter- @NAICobservatory.<\/p>","protected":false},"excerpt":{"rendered":"<p>Explorar la Tierra y el Sistema Solar, crear un cr\u00e1ter y observar su formaci\u00f3n en c\u00e1mara lenta, convertirte en un pulsar humano que gira a diferentes velocidades, tocar un meteorito, ver una roca marciana y una roca de la luna, enviar un mensaje al espacio, son solo algunas de las nuevas experiencias que ofrecer\u00e1 el [&hellip;]<\/p>","protected":false},"author":0,"featured_media":608867,"comment_status":"closed","ping_status":"closed","sticky":false,"template":"","format":"standard","meta":{"_acf_changed":false,"_monsterinsights_skip_tracking":false,"ep_exclude_from_search":false,"footnotes":""},"categories":[83],"tags":[],"class_list":["post-71548","post","type-post","status-publish","format-standard","has-post-thumbnail","hentry","category-otros"],"acf":[],"aioseo_notices":[],"_links":{"self":[{"href":"https:\/\/noticel.com\/en\/wp-json\/wp\/v2\/posts\/71548","targetHints":{"allow":["GET"]}}],"collection":[{"href":"https:\/\/noticel.com\/en\/wp-json\/wp\/v2\/posts"}],"about":[{"href":"https:\/\/noticel.com\/en\/wp-json\/wp\/v2\/types\/post"}],"replies":[{"embeddable":true,"href":"https:\/\/noticel.com\/en\/wp-json\/wp\/v2\/comments?post=71548"}],"version-history":[{"count":1,"href":"https:\/\/noticel.com\/en\/wp-json\/wp\/v2\/posts\/71548\/revisions"}],"predecessor-version":[{"id":608891,"href":"https:\/\/noticel.com\/en\/wp-json\/wp\/v2\/posts\/71548\/revisions\/608891"}],"wp:featuredmedia":[{"embeddable":true,"href":"https:\/\/noticel.com\/en\/wp-json\/wp\/v2\/media\/608867"}],"wp:attachment":[{"href":"https:\/\/noticel.com\/en\/wp-json\/wp\/v2\/media?parent=71548"}],"wp:term":[{"taxonomy":"category","embeddable":true,"href":"https:\/\/noticel.com\/en\/wp-json\/wp\/v2\/categories?post=71548"},{"taxonomy":"post_tag","embeddable":true,"href":"https:\/\/noticel.com\/en\/wp-json\/wp\/v2\/tags?post=71548"}],"curies":[{"name":"wp","href":"https:\/\/api.w.org\/{rel}","templated":true}]}}