{"id":71485,"date":"2015-02-20T00:00:00","date_gmt":"2015-02-20T04:00:00","guid":{"rendered":"http:\/\/www.noticel.com\/ahora\/la-calle\/politica\/20150220\/lejos-todavia-la-libertad-para-de-castro-font\/"},"modified":"2025-08-17T09:16:13","modified_gmt":"2025-08-17T09:16:13","slug":"lejos-todavia-la-libertad-para-de-castro-font","status":"publish","type":"post","link":"https:\/\/noticel.com\/en\/ultima-hora\/20150220\/lejos-todavia-la-libertad-para-de-castro-font\/","title":{"rendered":"Lejos todav\u00eda la libertad para De Castro Font"},"content":{"rendered":"<p>El exsenador del Partido Nuevo Progresista (PNP), Jorge de Castro Font, lleg\u00f3 hoy jueves al sistema correccional de Puerto Rico despues de cumplir la parte federal de una pena por, entre otros cargos, extorsi\u00f3n, apropiaci\u00f3n ilegal y lavado de dinero.<\/p>\n<p>De Castro Font fue llevado al Centro de Ingreso 705 en el Complejo Correccional de Bayam\u00f3n para las evaluaciones correspondientes.<\/p>\n<p>En declaraciones escritas, el Departamento de Correcci\u00f3n indic\u00f3 que el c\u00f3mputo final de sentencia que le resta por cumplir en la jurisdicci\u00f3n estatal es de hasta septiembre de 2019 m\u00e1ximo y noviembre de 2015 m\u00ednimo. En esta fecha de noviembre calificar\u00eda para tramitar su caso en la Junta de Libertad Bajo Palabra. Este c\u00e1lculo incluye las bonificaciones que obtuvo en la Instituci\u00f3n de Estados Unidos.<\/p>\n<p>Una vez culminado todo el proceso en el centro de ingreso, que puede tardar varios d\u00edas, el confinado ser\u00e1 trasladado a la instituci\u00f3n que corresponda.<\/p>\n<p>El expresidente de la Comisi\u00f3n de Reglas y Calendario del Senado cumple una pena federal impuesta en mayo de 2011 por el juez Francisco Besosa por cargos de extorsi\u00f3n, soborno y conspiraci\u00f3n para lavar dinero.<\/p>\n<p>Esa sentencia culmina hoy jueves 19 de febrero. El portavoz del Departamento de Correcci\u00f3n y Rehabilitaci\u00f3n, C\u00e9sar Fiallo, explic\u00f3 que una vez en la Isla, De Castro Fontdebe cumplimentarunas pruebas psicol\u00f3gicas y m\u00e9dicas para conocer su estado.<\/p><div class=\"notic-content-middle\" id=\"notic-198970028\"><div class=\"notic-adlabel\">Advertisements<\/div><a data-no-instant=\"1\" href=\"https:\/\/www.asegurate-bien.com\/\" rel=\"noopener\" class=\"a2t-link\" target=\"_blank\" aria-label=\"Acodese-Adaptaciones-Noticel-728&#215;90\"><img loading=\"lazy\" decoding=\"async\" src=\"https:\/\/cdn.noticel.com\/2026\/07\/30095222\/Acodese-Adaptaciones-Noticel-728x90-1.jpg\" alt=\"\"  srcset=\"https:\/\/cdn.noticel.com\/2026\/07\/30095222\/Acodese-Adaptaciones-Noticel-728x90-1.jpg 728w, https:\/\/cdn.noticel.com\/2026\/07\/30095222\/Acodese-Adaptaciones-Noticel-728x90-1-300x37.jpg 300w, https:\/\/cdn.noticel.com\/2026\/07\/30095222\/Acodese-Adaptaciones-Noticel-728x90-1-18x2.jpg 18w\" sizes=\"(max-width: 728px) 100vw, 728px\" width=\"728\" height=\"90\"   \/><\/a><\/div>\n<p>En ese momento, igualmente, se identifica su custodia, sostuvo Fiallo a NotiCel. El proceso podr\u00eda tardar por lo menos una semana mientras se realizan las pruebas y se cumple con el protocolo.<\/p>\n<p>De Castro Font acumul\u00f3 bonificaciones que redujeron su periodo de confinamiento, pues seg\u00fan trascendi\u00f3, el exlegislador imparti\u00f3 clases a sus compa\u00f1eros de prisi\u00f3n, lo que le ayud\u00f3 a acortar su condena. &#8216;Adem\u00e1s pas\u00f3 mucho tiempo escribiendo&#8217;, coment\u00f3 una persona allegada a De Castro.<\/p>\n<p>El exportavoz de la mayor\u00eda senatorial fue arrestado en octubre de 2008 luego que un Gran Jurado emitiera un pliego acusatorio que inclu\u00eda 31 cargos.<\/p>\n<p>Un a\u00f1o m\u00e1s tarde, el hombre admiti\u00f3 que solicit\u00f3 entre $500 mil a $525 mil a diferentes personas para promover legislaci\u00f3n o aprobar medidas legislativas.<\/p>\n<p>El convicto est\u00e1 preso desde octubre de 2011 por haber violado los t\u00e9rminos de libertad bajo fianza al tratar de contactar a su exesposa.<\/p>","protected":false},"excerpt":{"rendered":"<p>El exsenador del Partido Nuevo Progresista (PNP), Jorge de Castro Font, lleg\u00f3 hoy jueves al sistema correccional de Puerto Rico despues de cumplir la parte federal de una pena por, entre otros cargos, extorsi\u00f3n, apropiaci\u00f3n ilegal y lavado de dinero. De Castro Font fue llevado al Centro de Ingreso 705 en el Complejo Correccional de [&hellip;]<\/p>","protected":false},"author":0,"featured_media":856541,"comment_status":"closed","ping_status":"closed","sticky":false,"template":"","format":"standard","meta":{"_acf_changed":false,"_monsterinsights_skip_tracking":false,"ep_exclude_from_search":false,"footnotes":""},"categories":[12,7,2],"tags":[],"class_list":["post-71485","post","type-post","status-publish","format-standard","has-post-thumbnail","hentry","category-la-calle","category-politica","category-ultima-hora"],"acf":[],"aioseo_notices":[],"_links":{"self":[{"href":"https:\/\/noticel.com\/en\/wp-json\/wp\/v2\/posts\/71485","targetHints":{"allow":["GET"]}}],"collection":[{"href":"https:\/\/noticel.com\/en\/wp-json\/wp\/v2\/posts"}],"about":[{"href":"https:\/\/noticel.com\/en\/wp-json\/wp\/v2\/types\/post"}],"replies":[{"embeddable":true,"href":"https:\/\/noticel.com\/en\/wp-json\/wp\/v2\/comments?post=71485"}],"version-history":[{"count":1,"href":"https:\/\/noticel.com\/en\/wp-json\/wp\/v2\/posts\/71485\/revisions"}],"predecessor-version":[{"id":856586,"href":"https:\/\/noticel.com\/en\/wp-json\/wp\/v2\/posts\/71485\/revisions\/856586"}],"wp:featuredmedia":[{"embeddable":true,"href":"https:\/\/noticel.com\/en\/wp-json\/wp\/v2\/media\/856541"}],"wp:attachment":[{"href":"https:\/\/noticel.com\/en\/wp-json\/wp\/v2\/media?parent=71485"}],"wp:term":[{"taxonomy":"category","embeddable":true,"href":"https:\/\/noticel.com\/en\/wp-json\/wp\/v2\/categories?post=71485"},{"taxonomy":"post_tag","embeddable":true,"href":"https:\/\/noticel.com\/en\/wp-json\/wp\/v2\/tags?post=71485"}],"curies":[{"name":"wp","href":"https:\/\/api.w.org\/{rel}","templated":true}]}}