{"id":70617,"date":"2011-01-18T00:00:00","date_gmt":"2011-01-18T04:00:00","guid":{"rendered":"http:\/\/www.noticel.com\/economia\/20110118\/sequito-con-fortuno-por-espana\/"},"modified":"2025-08-29T15:39:16","modified_gmt":"2025-08-29T15:39:16","slug":"sequito-con-fortuno-por-espana","status":"publish","type":"post","link":"https:\/\/noticel.com\/en\/economia\/20110118\/sequito-con-fortuno-por-espana\/","title":{"rendered":"S\u00e9quito con Fortu\u00f1o por Espa\u00f1a"},"content":{"rendered":"<p><i>S\u00e9quito con Fortu\u00f1o por Espa\u00f1a<\/i><\/p>\n<p>Un numeroso grupo de funcionarios y periodistas, y el alcalde de San Juan, Jorge Santini, andan con el Gobernador por la madre patria en plena crisis econ\u00f3mica.<\/p>\n<p>El gobernador Luis Fortu\u00f1o encabeza hoy una misi\u00f3n econ\u00f3mica en Espa\u00f1a, y le acompa\u00f1an Jos\u00e9 P\u00e9rez Riera, secretario del Departamento de Desarrollo Econ\u00f3mico y Comercio y Mario Gonz\u00e1lez, director ejecutivo de la Compa\u00f1\u00eda de Turismo, quien a su vez viaja para participar en FITUR, una de las ferias de turismo m\u00e1s importantes del hemisferio.<\/p>\n<p>Asimismo el Mandatario participar\u00e1 el viernes de un homenaje a Juan Ponce de Le\u00f3n, primer gobernador de la Isla, a 500 a\u00f1os de su nombramiento, mientras la hist\u00f3rica residencia de este est\u00e1 cerrada y abandonada en el Viejo San Juan, seg\u00fan report\u00f3 NotiCel. Fortu\u00f1o hizo esperar a las autoridades espa\u00f1olas que planifican el homenaje un a\u00f1o por su presencia.<\/p>\n<p>Con el Gobernador tambi\u00e9n viajan a Espa\u00f1a Javier Hidalgo, presidente de Banco Santander Puerto Rico; Rafael Varela, presidente del BBVA Puerto Rico y Luis Palazzi, presidente de Autopistas de Puerto Rico, entre otros seg\u00fan reporta hoy <a href=\"http:\/\/www.sincomillas.blogspot.com\/\" target=\"_blank\">Sincomillas.blogspot.com<\/a>.<\/p><div class=\"notic-content-middle\" id=\"notic-4008154603\"><div class=\"notic-adlabel\">Advertisements<\/div><a data-no-instant=\"1\" href=\"https:\/\/www.asegurate-bien.com\/\" rel=\"noopener\" class=\"a2t-link\" target=\"_blank\" aria-label=\"Acodese-Adaptaciones-Noticel-300&#215;600\"><img loading=\"lazy\" decoding=\"async\" src=\"https:\/\/cdn.noticel.com\/2026\/05\/30094652\/Acodese-Adaptaciones-Noticel-300x600-1.jpg\" alt=\"\"  srcset=\"https:\/\/cdn.noticel.com\/2026\/05\/30094652\/Acodese-Adaptaciones-Noticel-300x600-1.jpg 300w, https:\/\/cdn.noticel.com\/2026\/05\/30094652\/Acodese-Adaptaciones-Noticel-300x600-1-150x300.jpg 150w, https:\/\/cdn.noticel.com\/2026\/05\/30094652\/Acodese-Adaptaciones-Noticel-300x600-1-6x12.jpg 6w\" sizes=\"(max-width: 300px) 100vw, 300px\" width=\"300\" height=\"600\"   \/><\/a><\/div>\n<p>Fortu\u00f1o participar\u00e1 en foros empresariales organizados por Banco Santander y BBVA.Como parte de la agenda se han coordinado eventos con la C\u00e1mara Americana de Comercio, la Fundaci\u00f3n Consejo Espa\u00f1a-Estados Unidos, el Instituto de Empresas de Madrid, y con la Asociaci\u00f3n de Aseguradoras Espa\u00f1olas (UNESPA).<\/p>\n<p>Fortu\u00f1o ofrecer\u00e1 un discurso ante la Facultad de Derecho de la Universidad de Valladolid y participar\u00e1 en la ceremonia de conmemoraci\u00f3n de los 500 a\u00f1os de la Gobernaci\u00f3n de Juan Ponce de Le\u00f3n en Puerto Rico, en su lugar de nacimiento Santerv\u00e1s de Campos, (Valladolid). Los actos incluyen la develaci\u00f3n de una estatua de Juan Ponce de Le\u00f3n y bautizar una de sus calles con el nombre de Puerto Rico.<\/p>\n<p>Por otro lado, Santini, comenz\u00f3 el lunes una serie de reuniones con ejecutivos de la compa\u00f1\u00eda multinacional alemana Vossloh que est\u00e1n interesados en el desarrollo del Tren Liviano, seg\u00fan adelant\u00f3 NotiCel.<\/p>\n<p>Tambi\u00e9n se reunir\u00e1 con ejecutivos del Metro Ligero de Madrid Oeste, empresa concesionaria de las dos l\u00edneas de metro ligero y de Mercamadrid, un centro de distribuci\u00f3n de alimentos. Por otro lado, el Alcalde quiere copiar el concepto del Mercado San Miguel y trasladarlo a San Juan. Santini tambi\u00e9n participar\u00e1 en FITUR.<\/p>","protected":false},"excerpt":{"rendered":"<p>S\u00e9quito con Fortu\u00f1o por Espa\u00f1a Un numeroso grupo de funcionarios y periodistas, y el alcalde de San Juan, Jorge Santini, andan con el Gobernador por la madre patria en plena crisis econ\u00f3mica. El gobernador Luis Fortu\u00f1o encabeza hoy una misi\u00f3n econ\u00f3mica en Espa\u00f1a, y le acompa\u00f1an Jos\u00e9 P\u00e9rez Riera, secretario del Departamento de Desarrollo Econ\u00f3mico [&hellip;]<\/p>","protected":false},"author":0,"featured_media":937666,"comment_status":"closed","ping_status":"closed","sticky":false,"template":"","format":"standard","meta":{"_acf_changed":false,"_monsterinsights_skip_tracking":false,"ep_exclude_from_search":false,"footnotes":""},"categories":[22],"tags":[],"class_list":["post-70617","post","type-post","status-publish","format-standard","has-post-thumbnail","hentry","category-economia"],"acf":[],"aioseo_notices":[],"_links":{"self":[{"href":"https:\/\/noticel.com\/en\/wp-json\/wp\/v2\/posts\/70617","targetHints":{"allow":["GET"]}}],"collection":[{"href":"https:\/\/noticel.com\/en\/wp-json\/wp\/v2\/posts"}],"about":[{"href":"https:\/\/noticel.com\/en\/wp-json\/wp\/v2\/types\/post"}],"replies":[{"embeddable":true,"href":"https:\/\/noticel.com\/en\/wp-json\/wp\/v2\/comments?post=70617"}],"version-history":[{"count":1,"href":"https:\/\/noticel.com\/en\/wp-json\/wp\/v2\/posts\/70617\/revisions"}],"predecessor-version":[{"id":937680,"href":"https:\/\/noticel.com\/en\/wp-json\/wp\/v2\/posts\/70617\/revisions\/937680"}],"wp:featuredmedia":[{"embeddable":true,"href":"https:\/\/noticel.com\/en\/wp-json\/wp\/v2\/media\/937666"}],"wp:attachment":[{"href":"https:\/\/noticel.com\/en\/wp-json\/wp\/v2\/media?parent=70617"}],"wp:term":[{"taxonomy":"category","embeddable":true,"href":"https:\/\/noticel.com\/en\/wp-json\/wp\/v2\/categories?post=70617"},{"taxonomy":"post_tag","embeddable":true,"href":"https:\/\/noticel.com\/en\/wp-json\/wp\/v2\/tags?post=70617"}],"curies":[{"name":"wp","href":"https:\/\/api.w.org\/{rel}","templated":true}]}}