{"id":70450,"date":"2012-01-13T00:00:00","date_gmt":"2012-01-13T04:00:00","guid":{"rendered":"http:\/\/www.noticel.com\/ahora\/20120113\/video-revela-crueldad-contra-animales-en-toa-baja-video\/"},"modified":"2025-07-18T10:28:00","modified_gmt":"2025-07-18T10:28:00","slug":"video-revela-crueldad-contra-animales-en-toa-baja-video","status":"publish","type":"post","link":"https:\/\/noticel.com\/en\/ultima-hora\/20120113\/video-revela-crueldad-contra-animales-en-toa-baja-video\/","title":{"rendered":"V\u00eddeo revela crueldad contra animales en Toa Baja (v\u00eddeo)"},"content":{"rendered":"<p>Un v\u00eddeo difundido en d\u00edas recientes por YouTube muestra unos perros encerrados dentro de una guagua ubicada dentro de las instalaciones del Vertedero Municipal de Toa Baja. Investigadores de crueldad de animales confirmaron que Toa Baja usa como perrera una guagua ubicada en el vertedero, pero no constataron el encierro de animales que refleja la grabaci\u00f3n.<\/p>\n<p>El<\/p><div class=\"notic-content-middle\" id=\"notic-3172199059\"><div class=\"notic-adlabel\">Advertisements<\/div><a data-no-instant=\"1\" href=\"https:\/\/www.asegurate-bien.com\/\" rel=\"noopener\" class=\"a2t-link\" target=\"_blank\" aria-label=\"Acodese-Adaptaciones-Noticel-970&#215;90\"><img loading=\"lazy\" decoding=\"async\" src=\"https:\/\/cdn.noticel.com\/2026\/07\/30100146\/Acodese-Adaptaciones-Noticel-970x90-1.jpg\" alt=\"\"  srcset=\"https:\/\/cdn.noticel.com\/2026\/07\/30100146\/Acodese-Adaptaciones-Noticel-970x90-1.jpg 970w, https:\/\/cdn.noticel.com\/2026\/07\/30100146\/Acodese-Adaptaciones-Noticel-970x90-1-300x28.jpg 300w, https:\/\/cdn.noticel.com\/2026\/07\/30100146\/Acodese-Adaptaciones-Noticel-970x90-1-768x71.jpg 768w, https:\/\/cdn.noticel.com\/2026\/07\/30100146\/Acodese-Adaptaciones-Noticel-970x90-1-18x2.jpg 18w\" sizes=\"(max-width: 970px) 100vw, 970px\" width=\"970\" height=\"90\"   \/><\/a><\/div>\n<p><a href=\"http:\/\/youtu.be\/rM0nDj0JoZI\" target=\"_blank\">v\u00eddeo <\/a>publicado el 1 de enero, ha creado consternaci\u00f3n entre los visitantes de YouTube y del grupo en Facebook, Tourists for Satos (Puerto Rico), por las condiciones en que aparecen los dos perros.<br \/>\n NotiCel intent\u00f3 sin \u00e9xito que el alcalde de Toa Baja, An\u00edbal Vega Borges, aclarara el contenido del v\u00eddeo, pero este refiri\u00f3 el asunto al vicealcalde, Pedro Julio &#8216;Pell\u00e9&#8217; Santiago.<br \/>\n A pesar de lo que refleja la grabaci\u00f3n, Santiago dijo que &#8216;para nada&#8217; el Municipio ha encerrado perros dentro de una guagua en el Vertedero Municipal.<br \/>\n Adem\u00e1s, manifest\u00f3 conocer el contenido del v\u00eddeo, el cual catalog\u00f3 como uno con &#8216;prop\u00f3sitos pol\u00edticos&#8217;, al estar en el a\u00f1o de elecciones. De hecho, indic\u00f3 que el s\u00e1bado acudi\u00f3 un camar\u00f3grafo de Univisi\u00f3n junto a personal de la Sociedad Protectora de Animales para corroborar el contenido del v\u00eddeo, lo cual supuestamente evidenciaron que era falso.<br \/>\n Mientras tanto, Alma Febus, investigadora de crueldad de animales y oficial de control de Bambie Rottweiler Service and Rescue, Inc, manifest\u00f3 que el s\u00e1bado acudi\u00f3 a las instalaciones del vertedero tras recibir el v\u00eddeo y pudo evidenciar que hab\u00eda una guagua que el Municipio utiliza como perrera dentro del lugar. Sin embargo, no encontr\u00f3 ning\u00fan perro dentro de la perrera, conocida como &#8216;Motor Pool&#8217;, porque hab\u00edan sido soltados por la persona que grab\u00f3 el v\u00eddeo, dijo. Adem\u00e1s, dijo que cuando lleg\u00f3 al vertedero, unos polic\u00edas que estaba en el lugar llamaron al vicealcalde, quien luego lleg\u00f3 para estar presente durante el recorrido.<br \/>\n Aunque Febus expuso que si el Municipio recoge un perro hoy y lo deja encerrado hasta el otro d\u00eda o tres d\u00edas ya es maltrato de animales, puntualiz\u00f3 que &#8216;no puedo decir si esa fue la pr\u00e1ctica (en Toa Baja)&#8217;.<br \/>\n De otro lado, Santiago apunt\u00f3 que el Municipio ha recogido a varios perros abandonados, si se encuentran en buen estado de salud promueven que sean adoptados y los que est\u00e1n enfermos los llevan al Albergue de Guaynabo para &#8216;dormirlos&#8217;.<br \/>\n Asimismo, manifest\u00f3 que mensualmente en Toa Baja se realizan cerca de 36 campa\u00f1as de vacunaci\u00f3n y esterilizaci\u00f3n de perros.<br \/>\n M\u00e1s a\u00fan, Santiago, sostuvo que desde el 2005 Toa Baja enfrent\u00f3 un problema &#8216;serio&#8217;, por los perros abandonados, pues &#8216;(el Municipio) era pr\u00e1cticamente el asilo de animales de municipios adyacentes&#8217;. No obstante, expuso que con la aprobaci\u00f3n de una ordenanza municipal se ha ido corrigiendo esta pr\u00e1ctica. A su entender hay que seguir orientando en las escuelas, para instar a los j\u00f3venes a criar bien a sus mascotas.<br \/>\n La activista de animales, Carla Cappalli, se\u00f1al\u00f3 que no tiene detalles precisos sobre este particular. Sin embargo, aunque dijo desconocer si Toa Baja tiene un programa de Control de Animales, opin\u00f3 que en muchos municipios el sistema establecido est\u00e1 muy &#8216;arcaico&#8217;, y que incluso algunos pueblos ni siquiera tienen perreras, por lo que considera que todav\u00eda &#8216;estamos atr\u00e1s con eso&#8217;.<\/p>","protected":false},"excerpt":{"rendered":"<p>Un v\u00eddeo difundido en d\u00edas recientes por YouTube muestra unos perros encerrados dentro de una guagua ubicada dentro de las instalaciones del Vertedero Municipal de Toa Baja. Investigadores de crueldad de animales confirmaron que Toa Baja usa como perrera una guagua ubicada en el vertedero, pero no constataron el encierro de animales que refleja la [&hellip;]<\/p>","protected":false},"author":0,"featured_media":517271,"comment_status":"closed","ping_status":"closed","sticky":false,"template":"","format":"standard","meta":{"_acf_changed":false,"_monsterinsights_skip_tracking":false,"ep_exclude_from_search":false,"footnotes":""},"categories":[2],"tags":[],"class_list":["post-70450","post","type-post","status-publish","format-standard","has-post-thumbnail","hentry","category-ultima-hora"],"acf":[],"aioseo_notices":[],"_links":{"self":[{"href":"https:\/\/noticel.com\/en\/wp-json\/wp\/v2\/posts\/70450","targetHints":{"allow":["GET"]}}],"collection":[{"href":"https:\/\/noticel.com\/en\/wp-json\/wp\/v2\/posts"}],"about":[{"href":"https:\/\/noticel.com\/en\/wp-json\/wp\/v2\/types\/post"}],"replies":[{"embeddable":true,"href":"https:\/\/noticel.com\/en\/wp-json\/wp\/v2\/comments?post=70450"}],"version-history":[{"count":1,"href":"https:\/\/noticel.com\/en\/wp-json\/wp\/v2\/posts\/70450\/revisions"}],"predecessor-version":[{"id":517278,"href":"https:\/\/noticel.com\/en\/wp-json\/wp\/v2\/posts\/70450\/revisions\/517278"}],"wp:featuredmedia":[{"embeddable":true,"href":"https:\/\/noticel.com\/en\/wp-json\/wp\/v2\/media\/517271"}],"wp:attachment":[{"href":"https:\/\/noticel.com\/en\/wp-json\/wp\/v2\/media?parent=70450"}],"wp:term":[{"taxonomy":"category","embeddable":true,"href":"https:\/\/noticel.com\/en\/wp-json\/wp\/v2\/categories?post=70450"},{"taxonomy":"post_tag","embeddable":true,"href":"https:\/\/noticel.com\/en\/wp-json\/wp\/v2\/tags?post=70450"}],"curies":[{"name":"wp","href":"https:\/\/api.w.org\/{rel}","templated":true}]}}