{"id":70388,"date":"2015-08-14T00:00:00","date_gmt":"2015-08-14T04:00:00","guid":{"rendered":"http:\/\/www.noticel.com\/hack\/20150814\/onu-utiliza-redes-sociales-para-crear-conciencia-sobre-el-sufrimiento-de-mi\/"},"modified":"2025-07-27T15:10:50","modified_gmt":"2025-07-27T15:10:50","slug":"onu-utiliza-redes-sociales-para-crear-conciencia-sobre-el-sufrimiento-de-mi","status":"publish","type":"post","link":"https:\/\/noticel.com\/en\/mas\/otros\/20150814\/onu-utiliza-redes-sociales-para-crear-conciencia-sobre-el-sufrimiento-de-mi\/","title":{"rendered":"ONU utiliza redes sociales para crear conciencia sobre el sufrimiento de mi"},"content":{"rendered":"<p>Las p\u00e1ginas de redes sociales de millones de personas se ver\u00e1n muy diferentes en los pr\u00f3ximos d\u00edas tras el lanzamiento este jueves de una campa\u00f1a de la ONU por el D\u00eda Mundial de la Asistencia Humanitaria, que se extender\u00e1 hasta el pr\u00f3ximo 19 de agosto.<\/p>\n<p>La iniciativa #ShareHumanity (&#8216;comparte la humanidad&#8217;) llama a los usuarios de esas plataformas a prestar sus muros individuales de Facebook y Twitter conect\u00e1ndose a una aplicaci\u00f3n que publicar\u00e1 historias de personas afectadas por crisis humanitarias en pa\u00edses como Siria, Sud\u00e1n del Sur y Afganist\u00e1n.<\/p>\n<p>Varios artistas famosos como el cantante australiano Cody Simpson; la celebridad de las artes marciales, Jet Li; el empresario brit\u00e1nico, Richard Branson; y el jugador brasile\u00f1o de f\u00fatbol Kak\u00e1, ya han ofrecido sus cuentas.<\/p>\n<p>La aplicaci\u00f3n podr\u00e1 ser descargada del sitio de Internet wordlhumanitarianday.org.<\/p>\n<p>Este a\u00f1o, la campa\u00f1a quiere llamar la atenci\u00f3n sobre las enormes necesidades existentes que superan la capacidad de asistencia a millones de personas afectadas por desastres naturales, conflictos, hambre y enfermedades.<\/p><div class=\"notic-content-middle\" id=\"notic-109310446\"><div class=\"notic-adlabel\">Advertisements<\/div><a data-no-instant=\"1\" href=\"https:\/\/qrco.de\/bgxd5v\" rel=\"noopener\" class=\"a2t-link\" target=\"_blank\" aria-label=\"DisplayAd-728&#215;903\"><img loading=\"lazy\" decoding=\"async\" src=\"https:\/\/cdn.noticel.com\/2026\/09\/02195509\/DisplayAd-728x903-1.jpg\" alt=\"\"  srcset=\"https:\/\/cdn.noticel.com\/2026\/09\/02195509\/DisplayAd-728x903-1.jpg 728w, https:\/\/cdn.noticel.com\/2026\/09\/02195509\/DisplayAd-728x903-1-300x37.jpg 300w, https:\/\/cdn.noticel.com\/2026\/09\/02195509\/DisplayAd-728x903-1-18x2.jpg 18w\" sizes=\"(max-width: 728px) 100vw, 728px\" width=\"728\" height=\"90\"   \/><\/a><\/div>\n<p>Sobre el tema habl\u00f3 con Radio ONU, Cynthia Viveros-Cano, oficial de la Oficina de Coordinaci\u00f3n de Asuntos Humanitarios (OCHA) en Nueva York.<\/p>\n<p>&#8216;Lo m\u00e1s importante de tener presente en las crisis humanitarias es que las personas afectadas est\u00e1n en el centro de la respuesta. Cuando hay un desastre natural o cuando hay un conflicto son los vecinos, la comunidad que empieza a ayudar, y reconocer la dignidad y la fuerza de estas personas es primordial&#8217;.<\/p>\n<p>Naciones Unidas y sus organismos asociados ayudan a 80 millones de personas vulnerables en el mundo. El D\u00eda de la Asistencia Humanitaria se celebra cada 19 de agosto y surgi\u00f3 para honrar la memoria del personal de la ONU ca\u00eddo en el atentado ocurrido en ese d\u00eda de 2003, en Bagdad.<\/p>\n<p>Escucha el reportaje en <a href=\"http:\/\/www.unmultimedia.org\/radio\/spanish\/2015\/08\/onu-utiliza-redes-sociales-para-crear-conciencia-sobre-el-sufrimiento-de-millones\/#.Vc38dPnK3Ps\">Radio ONU<\/a>.<\/p>","protected":false},"excerpt":{"rendered":"<p>Las p\u00e1ginas de redes sociales de millones de personas se ver\u00e1n muy diferentes en los pr\u00f3ximos d\u00edas tras el lanzamiento este jueves de una campa\u00f1a de la ONU por el D\u00eda Mundial de la Asistencia Humanitaria, que se extender\u00e1 hasta el pr\u00f3ximo 19 de agosto. La iniciativa #ShareHumanity (&#8216;comparte la humanidad&#8217;) llama a los usuarios [&hellip;]<\/p>","protected":false},"author":0,"featured_media":591996,"comment_status":"closed","ping_status":"closed","sticky":false,"template":"","format":"standard","meta":{"_acf_changed":false,"_monsterinsights_skip_tracking":false,"ep_exclude_from_search":false,"footnotes":""},"categories":[83],"tags":[],"class_list":["post-70388","post","type-post","status-publish","format-standard","has-post-thumbnail","hentry","category-otros"],"acf":[],"aioseo_notices":[],"_links":{"self":[{"href":"https:\/\/noticel.com\/en\/wp-json\/wp\/v2\/posts\/70388","targetHints":{"allow":["GET"]}}],"collection":[{"href":"https:\/\/noticel.com\/en\/wp-json\/wp\/v2\/posts"}],"about":[{"href":"https:\/\/noticel.com\/en\/wp-json\/wp\/v2\/types\/post"}],"replies":[{"embeddable":true,"href":"https:\/\/noticel.com\/en\/wp-json\/wp\/v2\/comments?post=70388"}],"version-history":[{"count":1,"href":"https:\/\/noticel.com\/en\/wp-json\/wp\/v2\/posts\/70388\/revisions"}],"predecessor-version":[{"id":592014,"href":"https:\/\/noticel.com\/en\/wp-json\/wp\/v2\/posts\/70388\/revisions\/592014"}],"wp:featuredmedia":[{"embeddable":true,"href":"https:\/\/noticel.com\/en\/wp-json\/wp\/v2\/media\/591996"}],"wp:attachment":[{"href":"https:\/\/noticel.com\/en\/wp-json\/wp\/v2\/media?parent=70388"}],"wp:term":[{"taxonomy":"category","embeddable":true,"href":"https:\/\/noticel.com\/en\/wp-json\/wp\/v2\/categories?post=70388"},{"taxonomy":"post_tag","embeddable":true,"href":"https:\/\/noticel.com\/en\/wp-json\/wp\/v2\/tags?post=70388"}],"curies":[{"name":"wp","href":"https:\/\/api.w.org\/{rel}","templated":true}]}}