{"id":70090,"date":"2015-05-14T00:00:00","date_gmt":"2015-05-14T04:00:00","guid":{"rendered":"http:\/\/www.noticel.com\/la-calle\/20150514\/guardia-se-dispara-con-su-arma-en-roosevelt-roads\/"},"modified":"2025-08-16T09:41:27","modified_gmt":"2025-08-16T09:41:27","slug":"guardia-se-dispara-con-su-arma-en-roosevelt-roads","status":"publish","type":"post","link":"https:\/\/noticel.com\/en\/noticias\/la-calle\/20150514\/guardia-se-dispara-con-su-arma-en-roosevelt-roads\/","title":{"rendered":"Guardia se dispara con su arma en Roosevelt Roads"},"content":{"rendered":"<p>Un guardia de seguridad result\u00f3 herido de bala en un incidente desgraciado ocurrido cerca de las 3:42 de la madrugada del jueves, en el \u00c1rea Prami de la antigua base Roosevelt Roads en Ceiba.<\/p>\n<p>Seg\u00fan el informe policiaco, Reynaldo Casanova Santana, de 28 a\u00f1os de edad, quien es guardia de seguridad en el mencionado lugar, aleg\u00f3 se hizo un disparo accidental mientras manipulaba su arma de fuego, una Smith &lt;&gt;&lt;&gt;&lt;&gt;&lt;&gt;&lt;&gt;&amp; Wesson calibre .40 para el que posee licencia de armas.\/p<\/p>\n<p>p<\/p><div class=\"notic-content-middle\" id=\"notic-359843863\"><div class=\"notic-adlabel\">Advertisements<\/div><a data-no-instant=\"1\" href=\"https:\/\/www.asegurate-bien.com\/\" rel=\"noopener\" class=\"a2t-link\" target=\"_blank\" aria-label=\"Acodese-Adaptaciones-Noticel-300&#215;250\"><img loading=\"lazy\" decoding=\"async\" src=\"https:\/\/cdn.noticel.com\/2026\/05\/30094423\/Acodese-Adaptaciones-Noticel-300x250-1.jpg\" alt=\"\"  srcset=\"https:\/\/cdn.noticel.com\/2026\/05\/30094423\/Acodese-Adaptaciones-Noticel-300x250-1.jpg 300w, https:\/\/cdn.noticel.com\/2026\/05\/30094423\/Acodese-Adaptaciones-Noticel-300x250-1-14x12.jpg 14w\" sizes=\"(max-width: 300px) 100vw, 300px\" width=\"300\" height=\"250\"   \/><\/a><\/div>\n<p>Las autoridades precisaron que el perjudicado result\u00f3 herido de bala en la mano izquierda, el muslo y la rodilla.\/p<\/p>\n<p>p<\/p>\n<p>De acuerdo con el parte policiaco, Casanova Santana fue atendido en el lugar por personal de Manejo de Emergencias Estatal del municipio de Ceiba y transportado en ambulancia a\u00e9rea al Centro M\u00e9dico de R\u00edo Piedras en condici\u00f3n estable.\/p<\/p>","protected":false},"excerpt":{"rendered":"<p>Un guardia de seguridad result\u00f3 herido de bala en un incidente desgraciado ocurrido cerca de las 3:42 de la madrugada del jueves, en el \u00c1rea Prami de la antigua base Roosevelt Roads en Ceiba. Seg\u00fan el informe policiaco, Reynaldo Casanova Santana, de 28 a\u00f1os de edad, quien es guardia de seguridad en el mencionado lugar, [&hellip;]<\/p>","protected":false},"author":0,"featured_media":849347,"comment_status":"closed","ping_status":"closed","sticky":false,"template":"","format":"standard","meta":{"_acf_changed":false,"_monsterinsights_skip_tracking":false,"ep_exclude_from_search":false,"footnotes":""},"categories":[12],"tags":[],"class_list":["post-70090","post","type-post","status-publish","format-standard","has-post-thumbnail","hentry","category-la-calle"],"acf":[],"aioseo_notices":[],"_links":{"self":[{"href":"https:\/\/noticel.com\/en\/wp-json\/wp\/v2\/posts\/70090","targetHints":{"allow":["GET"]}}],"collection":[{"href":"https:\/\/noticel.com\/en\/wp-json\/wp\/v2\/posts"}],"about":[{"href":"https:\/\/noticel.com\/en\/wp-json\/wp\/v2\/types\/post"}],"replies":[{"embeddable":true,"href":"https:\/\/noticel.com\/en\/wp-json\/wp\/v2\/comments?post=70090"}],"version-history":[{"count":1,"href":"https:\/\/noticel.com\/en\/wp-json\/wp\/v2\/posts\/70090\/revisions"}],"predecessor-version":[{"id":849371,"href":"https:\/\/noticel.com\/en\/wp-json\/wp\/v2\/posts\/70090\/revisions\/849371"}],"wp:featuredmedia":[{"embeddable":true,"href":"https:\/\/noticel.com\/en\/wp-json\/wp\/v2\/media\/849347"}],"wp:attachment":[{"href":"https:\/\/noticel.com\/en\/wp-json\/wp\/v2\/media?parent=70090"}],"wp:term":[{"taxonomy":"category","embeddable":true,"href":"https:\/\/noticel.com\/en\/wp-json\/wp\/v2\/categories?post=70090"},{"taxonomy":"post_tag","embeddable":true,"href":"https:\/\/noticel.com\/en\/wp-json\/wp\/v2\/tags?post=70090"}],"curies":[{"name":"wp","href":"https:\/\/api.w.org\/{rel}","templated":true}]}}