{"id":70035,"date":"2018-06-11T00:00:00","date_gmt":"2018-06-11T04:00:00","guid":{"rendered":"http:\/\/www.noticel.com\/deportes\/deportes-cool\/20180611\/rodilla-de-pique-pone-a-temblar-a-seleccion-espanola\/"},"modified":"2025-07-29T06:49:41","modified_gmt":"2025-07-29T06:49:41","slug":"rodilla-de-pique-pone-a-temblar-a-seleccion-espanola","status":"publish","type":"post","link":"https:\/\/noticel.com\/en\/deportes\/20180611\/rodilla-de-pique-pone-a-temblar-a-seleccion-espanola\/","title":{"rendered":"Rodilla de Piqu\u00e9 pone a temblar a selecci\u00f3n espa\u00f1ola"},"content":{"rendered":"<p><i>Se retir\u00f3 del entrenamiento<\/i><\/p>\n<p>Gerard Pique abandon\u00f3 el entrenamiento matinal de la selecci\u00f3n espa\u00f1ola en la ciudad deportiva del FC Krasnodar, tras una acci\u00f3n en solitario en la que se quej\u00f3 de la rodilla izquierda.<\/p><div class=\"notic-content-middle\" id=\"notic-3434095568\"><div class=\"notic-adlabel\">Advertisements<\/div><a data-no-instant=\"1\" href=\"https:\/\/www.asegurate-bien.com\/\" rel=\"noopener\" class=\"a2t-link\" target=\"_blank\" aria-label=\"Acodese-Adaptaciones-Noticel-970&#215;250\"><img loading=\"lazy\" decoding=\"async\" src=\"https:\/\/cdn.noticel.com\/2026\/05\/30100504\/Acodese-Adaptaciones-Noticel-970x250-1.jpg\" alt=\"\"  srcset=\"https:\/\/cdn.noticel.com\/2026\/05\/30100504\/Acodese-Adaptaciones-Noticel-970x250-1.jpg 970w, https:\/\/cdn.noticel.com\/2026\/05\/30100504\/Acodese-Adaptaciones-Noticel-970x250-1-300x77.jpg 300w, https:\/\/cdn.noticel.com\/2026\/05\/30100504\/Acodese-Adaptaciones-Noticel-970x250-1-768x198.jpg 768w, https:\/\/cdn.noticel.com\/2026\/05\/30100504\/Acodese-Adaptaciones-Noticel-970x250-1-18x5.jpg 18w\" sizes=\"(max-width: 970px) 100vw, 970px\" width=\"970\" height=\"250\"   \/><\/a><\/div>\n<p>En el partido de entrenamiento con el que la selecci\u00f3n espa\u00f1ola preparaba el debut del pr\u00f3ximo viernes en el Mundial de Rusia, Pique pis\u00f3 mal en una acci\u00f3n en el centro del campo y sinti\u00f3 unas molestias que le impidieron continuar.<\/p>\n<p>Se llev\u00f3 la mano a la rodilla izquierda y golpe\u00f3 un bal\u00f3n para probarse antes de emprender camino hacia la residencia tras abandonar la sesi\u00f3n de entrenamiento. Tambien se retir\u00f3 antes de tiempo David Silva sin aparentes molestias.<\/p>","protected":false},"excerpt":{"rendered":"<p>Se retir\u00f3 del entrenamiento Gerard Pique abandon\u00f3 el entrenamiento matinal de la selecci\u00f3n espa\u00f1ola en la ciudad deportiva del FC Krasnodar, tras una acci\u00f3n en solitario en la que se quej\u00f3 de la rodilla izquierda. En el partido de entrenamiento con el que la selecci\u00f3n espa\u00f1ola preparaba el debut del pr\u00f3ximo viernes en el Mundial [&hellip;]<\/p>","protected":false},"author":0,"featured_media":606470,"comment_status":"closed","ping_status":"closed","sticky":false,"template":"","format":"standard","meta":{"_acf_changed":false,"_monsterinsights_skip_tracking":false,"ep_exclude_from_search":false,"footnotes":""},"categories":[31],"tags":[],"class_list":["post-70035","post","type-post","status-publish","format-standard","has-post-thumbnail","hentry","category-deportes"],"acf":[],"aioseo_notices":[],"_links":{"self":[{"href":"https:\/\/noticel.com\/en\/wp-json\/wp\/v2\/posts\/70035","targetHints":{"allow":["GET"]}}],"collection":[{"href":"https:\/\/noticel.com\/en\/wp-json\/wp\/v2\/posts"}],"about":[{"href":"https:\/\/noticel.com\/en\/wp-json\/wp\/v2\/types\/post"}],"replies":[{"embeddable":true,"href":"https:\/\/noticel.com\/en\/wp-json\/wp\/v2\/comments?post=70035"}],"version-history":[{"count":1,"href":"https:\/\/noticel.com\/en\/wp-json\/wp\/v2\/posts\/70035\/revisions"}],"predecessor-version":[{"id":606488,"href":"https:\/\/noticel.com\/en\/wp-json\/wp\/v2\/posts\/70035\/revisions\/606488"}],"wp:featuredmedia":[{"embeddable":true,"href":"https:\/\/noticel.com\/en\/wp-json\/wp\/v2\/media\/606470"}],"wp:attachment":[{"href":"https:\/\/noticel.com\/en\/wp-json\/wp\/v2\/media?parent=70035"}],"wp:term":[{"taxonomy":"category","embeddable":true,"href":"https:\/\/noticel.com\/en\/wp-json\/wp\/v2\/categories?post=70035"},{"taxonomy":"post_tag","embeddable":true,"href":"https:\/\/noticel.com\/en\/wp-json\/wp\/v2\/tags?post=70035"}],"curies":[{"name":"wp","href":"https:\/\/api.w.org\/{rel}","templated":true}]}}