{"id":69953,"date":"2016-11-15T00:00:00","date_gmt":"2016-11-15T04:00:00","guid":{"rendered":"http:\/\/www.noticel.com\/ahora\/gobierno\/politica\/20161115\/anticipan-rapida-transicion-en-la-camara-de-representantes\/"},"modified":"2025-07-18T09:46:13","modified_gmt":"2025-07-18T09:46:13","slug":"anticipan-rapida-transicion-en-la-camara-de-representantes","status":"publish","type":"post","link":"https:\/\/noticel.com\/en\/ultima-hora\/20161115\/anticipan-rapida-transicion-en-la-camara-de-representantes\/","title":{"rendered":"Anticipan r\u00e1pida transici\u00f3n en la C\u00e1mara de Representantes"},"content":{"rendered":"<p>El presidente electo de la C\u00e1mara de Representantes, Carlos &#8216;Johnny&#8217; Mendez, se reuni\u00f3 hoy, martes, con el presidente en funciones de dicho cuerpo legislativo, Roberto Rivera Ruiz de Porras para discutir el proceso de transici\u00f3n.<\/p>\n<p>Ambos representantes dialogaron cordialmente en la oficina presidencial y aseguraron estar en orden con la transici\u00f3n, al tiempo que se\u00f1alaron, ser\u00e1 una &#8216;bastante r\u00e1pida&#8217; y transparente.<\/p>\n<p>&#8216;Nos mostramos que vamos a ser bien transparentes en el proceso, todo lo que necesite el comit\u00e9 de transici\u00f3n entrante, nosotros le vamos a suplir toda la informaci\u00f3n. La ventaja que tiene el compa\u00f1ero entrante Carlos &#8216;Johnny&#8217; M\u00e9ndez y este servidor es que somos del mismo estilo, llevamos mucho tiempo aqu\u00ed y tenemos una relaci\u00f3n que no tiene que cambiar nada porque ha cambiado la mayor\u00eda y la minor\u00eda&#8217;, dijo Rivera Ruiz de Porras.<\/p>\n<p>Por su parte, M\u00e9ndez inform\u00f3 que su comit\u00e9 de transici\u00f3n estar\u00e1 compuesto por el contable p\u00fablico autorizado, Eduardo Ram\u00edrez, como presidente; Oriol Campos como director ejecutivo a cargo del \u00c1rea de Administraci\u00f3n; el CPA Mois\u00e9s Cortes Rosado a cargo del \u00e1rea de Finanzas; y Paula Gonz\u00e1lez Berr\u00edos en Recursos Humanos.<\/p>\n<p>Tambi\u00e9n se design\u00f3 a Carlos Jos\u00e9 Hern\u00e1ndez Gonz\u00e1lez para el \u00e1rea de Propiedad, el licenciado Carlos Rivera Justiniano para la Secretar\u00eda, Henry Taboada para sargento de armas, y los licenciados Hiram Carlos Rivera y V\u00edctor Calder\u00f3n, para revisar los casos y litigios pendientes.<\/p>\n<p>&#8216;Yo tengo cuatro aspectos que quiero cubrir primero que nada que haya una trasparencia total que el pueblo de Puerto Rico que sepa qu\u00e9 se est\u00e1 haciendo aqu\u00ed , qui\u00e9nes vienen a cabildear, porqu\u00e9 se est\u00e1n reuniendo, qui\u00e9n les est\u00e1 pagando y cu\u00e1l es el resultado. Y segundo la educaci\u00f3n, porque yo no puedo seguir creyendo que m\u00e1s de 3 mil millones de d\u00f3lares que se le asignan al Departamento de Educaci\u00f3n apenas llega una migaja a los salones de clase&#8217;, expres\u00f3 M\u00e9ndez.<\/p>\n<p>De igual modo, el presidente en funciones dijo que toda la documentaci\u00f3n ya est\u00e1 lista y que para este viernes se le estar\u00e1 entregando a la nueva administraci\u00f3n los informes de todas las divisiones gubernamentales para que las revisen y se concreten las reuniones que sean pertinentes para aclarar las dudas que surjan.<\/p>\n<p>A preguntas de NotiCel sobre las dudas que han surgido en el Partido Nuevo Progresista (PNP) en torno a d\u00f3nde ha ido el dinero del impuesto de la \u2018<a href=\"https:\/\/noticel.com\/en\/noticia\/197044\/soto-no-descarta-eliminar-la-crudita.html\/\" target=\"_blank\">crudita<\/a>&#8216;, Rivera Ruiz de Porras dijo que el gobernador Alejandro Garc\u00eda Padilla, ser\u00e1 quien estar\u00e1 entregando esa informaci\u00f3n.<\/p>\n<p>Sobre este particular, M\u00e9ndez dijo que una vez sea entregado dicho informe, ser\u00e1 observado con mucho detenimiento y har\u00e1n todas las investigaciones que sean necesarias para darle la claridad al pueblo de Puerto Rico.<\/p>\n<p>Respecto a la sesi\u00f3n <a href=\"https:\/\/noticel.com\/en\/noticia\/197052\/senador-anticipa-sesion-extraordinaria-esta-semana.html\/\" target=\"_blank\">extraordinaria<\/a> que se podr\u00eda concretar este jueves, el Presidente en funciones dijo que a\u00fan no se ha pautado dicha sesi\u00f3n pero si se ha hecho un llamado para que se presenten todos los legisladores.<\/p>\n<p><img decoding=\"async\" embed-content-articleid=\"610176906\" embed-content-groupid=\"593030475\" embed-content-id=\"610176906\" embed-content-index=\"0\" embed-content-type=\"PHOTO\" src=\"https:\/\/media.noticel.com\/o2com-noti-media-us-east-1\/photo\/2016\/11\/15\/reunion2_8159839_ver1.0_320_240.jpg\"\/><em>(Suministrada)<\/em><\/p>","protected":false},"excerpt":{"rendered":"<p>El presidente electo de la C\u00e1mara de Representantes, Carlos &#8216;Johnny&#8217; Mendez, se reuni\u00f3 hoy, martes, con el presidente en funciones de dicho cuerpo legislativo, Roberto Rivera Ruiz de Porras para discutir el proceso de transici\u00f3n. Ambos representantes dialogaron cordialmente en la oficina presidencial y aseguraron estar en orden con la transici\u00f3n, al tiempo que se\u00f1alaron, [&hellip;]<\/p>","protected":false},"author":0,"featured_media":510632,"comment_status":"closed","ping_status":"closed","sticky":false,"template":"","format":"standard","meta":{"_acf_changed":false,"_monsterinsights_skip_tracking":false,"ep_exclude_from_search":false,"footnotes":""},"categories":[4,7,2],"tags":[],"class_list":["post-69953","post","type-post","status-publish","format-standard","has-post-thumbnail","hentry","category-gobierno","category-politica","category-ultima-hora"],"acf":[],"aioseo_notices":[],"_links":{"self":[{"href":"https:\/\/noticel.com\/en\/wp-json\/wp\/v2\/posts\/69953","targetHints":{"allow":["GET"]}}],"collection":[{"href":"https:\/\/noticel.com\/en\/wp-json\/wp\/v2\/posts"}],"about":[{"href":"https:\/\/noticel.com\/en\/wp-json\/wp\/v2\/types\/post"}],"replies":[{"embeddable":true,"href":"https:\/\/noticel.com\/en\/wp-json\/wp\/v2\/comments?post=69953"}],"version-history":[{"count":1,"href":"https:\/\/noticel.com\/en\/wp-json\/wp\/v2\/posts\/69953\/revisions"}],"predecessor-version":[{"id":510639,"href":"https:\/\/noticel.com\/en\/wp-json\/wp\/v2\/posts\/69953\/revisions\/510639"}],"wp:featuredmedia":[{"embeddable":true,"href":"https:\/\/noticel.com\/en\/wp-json\/wp\/v2\/media\/510632"}],"wp:attachment":[{"href":"https:\/\/noticel.com\/en\/wp-json\/wp\/v2\/media?parent=69953"}],"wp:term":[{"taxonomy":"category","embeddable":true,"href":"https:\/\/noticel.com\/en\/wp-json\/wp\/v2\/categories?post=69953"},{"taxonomy":"post_tag","embeddable":true,"href":"https:\/\/noticel.com\/en\/wp-json\/wp\/v2\/tags?post=69953"}],"curies":[{"name":"wp","href":"https:\/\/api.w.org\/{rel}","templated":true}]}}