{"id":69347,"date":"2011-06-01T00:00:00","date_gmt":"2011-06-01T04:00:00","guid":{"rendered":"http:\/\/www.noticel.com\/vida\/20110601\/premio-literario-para-rockero-leonard-cohen\/"},"modified":"2025-08-29T18:41:38","modified_gmt":"2025-08-29T18:41:38","slug":"premio-literario-para-rockero-leonard-cohen","status":"publish","type":"post","link":"https:\/\/noticel.com\/en\/vida-y-bienestar\/20110601\/premio-literario-para-rockero-leonard-cohen\/","title":{"rendered":"Premio literario para rockero Leonard Cohen"},"content":{"rendered":"<p>Por sus canciones de marcado car\u00e1cter literario, pero tambi\u00e9n por su obra no cantada en libros como &#8216;Flores para Hitler&#8217; y &#8216;Los hermosos vencidos&#8217;, el m\u00fasico canadiense Leonard Cohen obtuvo el Premio Pr\u00edncipe de Asturias de las Letras.<\/p>\n<p>Con esta decisi\u00f3n, el jurado del Premio Pr\u00edncipe de Asturias hace realidad una vieja amenaza de la Academia Sueca: conceder su m\u00e1xima distinci\u00f3n literaria a un simple cantante de rock, publica el diario espa\u00f1ol El Pa\u00eds.<\/p>\n<p>Letras de Cohen (Montreal, 1934) en canciones como &#8216;Suzanne&#8217;, &#8216;Last year&#8217;s man&#8217;, &#8216;So long Marianne&#8217; y &#8216;Joan of Arc&#8217; son le\u00eddas con la reverencia debida a las grandes obras de la literatura.<\/p><div class=\"notic-content-middle\" id=\"notic-1790408198\"><div class=\"notic-adlabel\">Advertisements<\/div><a data-no-instant=\"1\" href=\"https:\/\/www.asegurate-bien.com\/\" rel=\"noopener\" class=\"a2t-link\" target=\"_blank\" aria-label=\"Acodese-Adaptaciones-Noticel-970&#215;250\"><img loading=\"lazy\" decoding=\"async\" src=\"https:\/\/cdn.noticel.com\/2026\/05\/30100504\/Acodese-Adaptaciones-Noticel-970x250-1.jpg\" alt=\"\"  srcset=\"https:\/\/cdn.noticel.com\/2026\/05\/30100504\/Acodese-Adaptaciones-Noticel-970x250-1.jpg 970w, https:\/\/cdn.noticel.com\/2026\/05\/30100504\/Acodese-Adaptaciones-Noticel-970x250-1-300x77.jpg 300w, https:\/\/cdn.noticel.com\/2026\/05\/30100504\/Acodese-Adaptaciones-Noticel-970x250-1-768x198.jpg 768w, https:\/\/cdn.noticel.com\/2026\/05\/30100504\/Acodese-Adaptaciones-Noticel-970x250-1-18x5.jpg 18w\" sizes=\"(max-width: 970px) 100vw, 970px\" width=\"970\" height=\"250\"   \/><\/a><\/div>\n<p>Al otorgar el premio, el jurado ha destacado el &#8216;imaginario sentimental&#8217; creado por Cohen en el que &#8216;la poes\u00eda y la m\u00fasica se funden en un valor inalterable&#8217;.<\/p>\n<p>Para leer la noticia completa siga este <a href=\"http:\/\/www.elpais.com\/articulo\/cultura\/Leonard\/Cohen\/Principe\/Asturias\/Letras\/elpepucul\/20110601elpepucul_1\/Tes\" target=\"_blank\">enlace<\/a>.<\/p>","protected":false},"excerpt":{"rendered":"<p>Por sus canciones de marcado car\u00e1cter literario, pero tambi\u00e9n por su obra no cantada en libros como &#8216;Flores para Hitler&#8217; y &#8216;Los hermosos vencidos&#8217;, el m\u00fasico canadiense Leonard Cohen obtuvo el Premio Pr\u00edncipe de Asturias de las Letras. Con esta decisi\u00f3n, el jurado del Premio Pr\u00edncipe de Asturias hace realidad una vieja amenaza de la [&hellip;]<\/p>","protected":false},"author":0,"featured_media":939310,"comment_status":"closed","ping_status":"closed","sticky":false,"template":"","format":"standard","meta":{"_acf_changed":false,"_monsterinsights_skip_tracking":false,"ep_exclude_from_search":false,"footnotes":""},"categories":[69],"tags":[],"class_list":["post-69347","post","type-post","status-publish","format-standard","has-post-thumbnail","hentry","category-vida-y-bienestar"],"acf":[],"aioseo_notices":[],"_links":{"self":[{"href":"https:\/\/noticel.com\/en\/wp-json\/wp\/v2\/posts\/69347","targetHints":{"allow":["GET"]}}],"collection":[{"href":"https:\/\/noticel.com\/en\/wp-json\/wp\/v2\/posts"}],"about":[{"href":"https:\/\/noticel.com\/en\/wp-json\/wp\/v2\/types\/post"}],"replies":[{"embeddable":true,"href":"https:\/\/noticel.com\/en\/wp-json\/wp\/v2\/comments?post=69347"}],"version-history":[{"count":1,"href":"https:\/\/noticel.com\/en\/wp-json\/wp\/v2\/posts\/69347\/revisions"}],"predecessor-version":[{"id":939312,"href":"https:\/\/noticel.com\/en\/wp-json\/wp\/v2\/posts\/69347\/revisions\/939312"}],"wp:featuredmedia":[{"embeddable":true,"href":"https:\/\/noticel.com\/en\/wp-json\/wp\/v2\/media\/939310"}],"wp:attachment":[{"href":"https:\/\/noticel.com\/en\/wp-json\/wp\/v2\/media?parent=69347"}],"wp:term":[{"taxonomy":"category","embeddable":true,"href":"https:\/\/noticel.com\/en\/wp-json\/wp\/v2\/categories?post=69347"},{"taxonomy":"post_tag","embeddable":true,"href":"https:\/\/noticel.com\/en\/wp-json\/wp\/v2\/tags?post=69347"}],"curies":[{"name":"wp","href":"https:\/\/api.w.org\/{rel}","templated":true}]}}