{"id":69326,"date":"2013-02-08T00:00:00","date_gmt":"2013-02-08T04:00:00","guid":{"rendered":"http:\/\/www.noticel.com\/la-calle\/20130208\/madrugada-de-lluvia-tarde-seca\/"},"modified":"2025-08-24T11:09:55","modified_gmt":"2025-08-24T11:09:55","slug":"madrugada-de-lluvia-tarde-seca","status":"publish","type":"post","link":"https:\/\/noticel.com\/en\/noticias\/la-calle\/20130208\/madrugada-de-lluvia-tarde-seca\/","title":{"rendered":"Madrugada de lluvia, tarde seca"},"content":{"rendered":"<p>Parchos de humedad en los niveles bajos de la atm\u00f3sfera contin\u00faan moviendose a traves del \u00e1rea local durante esta ma\u00f1ana y se combinar\u00e1n con los efectos locales causando intervalos de nubosidad y algunos aguaceros sobre las islas locales.<\/p>\n<p>Seg\u00fan el Servicio Nacional de Meteorolog\u00eda (SNM) un patr\u00f3n de tiempo m\u00e1s estable y seco se espera desde esta noche y el fin de semana con cielos de mayormente despejados a parcialmente nublados con una actividad limitada de aguaceros. La cobertura de nubes y la actividad de aguaceros aumentar\u00e1 una vez m\u00e1s el lunes debido a que un frente se mueve a trav\u00e9s del \u00e1rea.<\/p><div class=\"notic-content-middle\" id=\"notic-3137379884\"><div class=\"notic-adlabel\">Advertisements<\/div><a data-no-instant=\"1\" href=\"https:\/\/www.asegurate-bien.com\/\" rel=\"noopener\" class=\"a2t-link\" target=\"_blank\" aria-label=\"Acodese-Adaptaciones-Noticel-300&#215;250\"><img loading=\"lazy\" decoding=\"async\" src=\"https:\/\/cdn.noticel.com\/2026\/05\/30094423\/Acodese-Adaptaciones-Noticel-300x250-1.jpg\" alt=\"\"  srcset=\"https:\/\/cdn.noticel.com\/2026\/05\/30094423\/Acodese-Adaptaciones-Noticel-300x250-1.jpg 300w, https:\/\/cdn.noticel.com\/2026\/05\/30094423\/Acodese-Adaptaciones-Noticel-300x250-1-14x12.jpg 14w\" sizes=\"(max-width: 300px) 100vw, 300px\" width=\"300\" height=\"250\"   \/><\/a><\/div>\n<p>A trav\u00e9s de las aguas regionales, los navegantes pueden esperar generalmente vientos de 17 nudos o menos y oleaje de cinco pies o menos durante el d\u00eda de hoy.<\/p>\n<p>Se observaron cielos variablemente nublados a trav\u00e9s de Puerto Rico, Culebra y Vieques durante el transcurso de la noche a trav\u00e9s de las porciones del este as\u00ed como sobre las aguas regionales. Los vientos estuvieron mayormente del este a 10 millas por hora o menos.<\/p>","protected":false},"excerpt":{"rendered":"<p>Parchos de humedad en los niveles bajos de la atm\u00f3sfera contin\u00faan moviendose a traves del \u00e1rea local durante esta ma\u00f1ana y se combinar\u00e1n con los efectos locales causando intervalos de nubosidad y algunos aguaceros sobre las islas locales. Seg\u00fan el Servicio Nacional de Meteorolog\u00eda (SNM) un patr\u00f3n de tiempo m\u00e1s estable y seco se espera [&hellip;]<\/p>","protected":false},"author":0,"featured_media":903720,"comment_status":"closed","ping_status":"closed","sticky":false,"template":"","format":"standard","meta":{"_acf_changed":false,"_monsterinsights_skip_tracking":false,"ep_exclude_from_search":false,"footnotes":""},"categories":[12],"tags":[],"class_list":["post-69326","post","type-post","status-publish","format-standard","has-post-thumbnail","hentry","category-la-calle"],"acf":[],"aioseo_notices":[],"_links":{"self":[{"href":"https:\/\/noticel.com\/en\/wp-json\/wp\/v2\/posts\/69326","targetHints":{"allow":["GET"]}}],"collection":[{"href":"https:\/\/noticel.com\/en\/wp-json\/wp\/v2\/posts"}],"about":[{"href":"https:\/\/noticel.com\/en\/wp-json\/wp\/v2\/types\/post"}],"replies":[{"embeddable":true,"href":"https:\/\/noticel.com\/en\/wp-json\/wp\/v2\/comments?post=69326"}],"version-history":[{"count":1,"href":"https:\/\/noticel.com\/en\/wp-json\/wp\/v2\/posts\/69326\/revisions"}],"predecessor-version":[{"id":903761,"href":"https:\/\/noticel.com\/en\/wp-json\/wp\/v2\/posts\/69326\/revisions\/903761"}],"wp:featuredmedia":[{"embeddable":true,"href":"https:\/\/noticel.com\/en\/wp-json\/wp\/v2\/media\/903720"}],"wp:attachment":[{"href":"https:\/\/noticel.com\/en\/wp-json\/wp\/v2\/media?parent=69326"}],"wp:term":[{"taxonomy":"category","embeddable":true,"href":"https:\/\/noticel.com\/en\/wp-json\/wp\/v2\/categories?post=69326"},{"taxonomy":"post_tag","embeddable":true,"href":"https:\/\/noticel.com\/en\/wp-json\/wp\/v2\/tags?post=69326"}],"curies":[{"name":"wp","href":"https:\/\/api.w.org\/{rel}","templated":true}]}}