{"id":69003,"date":"2013-12-20T00:00:00","date_gmt":"2013-12-20T04:00:00","guid":{"rendered":"http:\/\/www.noticel.com\/vida\/20131220\/gran-convite-de-estrellas-latinas-en-el-corazon-de-carlos-santana\/"},"modified":"2025-08-22T09:22:26","modified_gmt":"2025-08-22T09:22:26","slug":"gran-convite-de-estrellas-latinas-en-el-corazon-de-carlos-santana","status":"publish","type":"post","link":"https:\/\/noticel.com\/en\/vida-y-bienestar\/20131220\/gran-convite-de-estrellas-latinas-en-el-corazon-de-carlos-santana\/","title":{"rendered":"Gran convite de estrellas latinas en el &#8216;Coraz\u00f3n&#8217; de Carlos Santana"},"content":{"rendered":"<p>Artistas como Pitbull, Juanes, Gloria Estefan y diez estrellas latinas m\u00e1s han acudido a la llamada del guitarrista Carlos Santana para participar en su nuevo \u00e1lbum de colaboraciones &#8216;Coraz\u00f3n&#8217;, un trabajo que saldr\u00e1 publicado en el primer trimestre de 2014.<\/p>\n<p>&#8216;Todos los artistas, hombres y mujeres, que han participado traen su luz, su talento, su esp\u00edritu, quieren colaborar conmigo&#8230; Me he rodeado de artistas que ven lo invisible y hacen lo imposible&#8217;, destaca Santana en una entrevista con la agencia EFE.<\/p>\n<p>Vestido de blanco, con un bordado en la espalda de su camisa con la palabra &#8216;love&#8217; y con su ya cl\u00e1sico sombrero, el guitarrista que introdujo el toque latino en el rock de masas se muestra euf\u00f3rico con este \u00e1lbum, que incluye versiones y canciones originales, y quiere ser &#8216;un pellizco al p\u00fablico para que despierte su potencia&#8217;.<\/p>\n<p>&#8216;Coraz\u00f3n&#8217;, que est\u00e1 producido por Lester M\u00e9ndez, recupera las ra\u00edces hispanas del artista y cuenta con la participaci\u00f3n, adem\u00e1s de los ya mencionados, de Ziggy Marley (Jamaica), Miguel (EE.UU.), Ni\u00f1a Pastori (Espa\u00f1a), Samuel de Skank (Brasil), Romeo Santos (Rep\u00fablica Dominicana), Chocquibtown (Colombia), Lila Downs (M\u00e9xico) y Diego Torres (Argentina), entre otros.<\/p>\n<p>Para Santana, este regreso a su infancia en espa\u00f1ol, ya que naci\u00f3 en Autl\u00e1n de Navarro (Jalisco, M\u00e9xico), ha ca\u00eddo por su propio peso, aunque insiste, en clave m\u00edstica, que sus ra\u00edces son &#8216;la luz&#8217;. &#8216;Aqu\u00ed (en M\u00e9xico), aterric\u00e9, pero vengo de la luz&#8217;, a\u00f1ade con la muletilla ling\u00fc\u00edstica &#8216;You know?&#8217; (Sabes?) de cierre a sus respuestas.<\/p>\n<p>El disco incluye versiones como &#8216;La Flaca&#8217; de Jarabe de Palo, interpretada por Juanes y primer &#8216;single&#8217; disponible en el mercado. La canci\u00f3n no pierde su ritmo cubano, pero dispara m\u00e1s potencia roquera.<\/p>\n<p>&#8216;Yo inyect\u00e9 el alma de John Lee Hooker en esta canci\u00f3n. \u00c9l es el fango y, cuando era joven, era mi meta. No hay que olvidar que todo viene del &#8216;blues&#8217;. Quer\u00eda poner esa cosa de brujo y me encant\u00f3 c\u00f3mo lo hizo mi hermano Juanes&#8217;, dice satisfecho.<\/p>\n<p>Junto a esta canci\u00f3n se pueden encontrar cl\u00e1sicos reinterpretados como la &#8216;Saiteira&#8217; de Sank con ramalazo &#8216;ska!; &#8216;Mal Bicho&#8217;, de los argentinos Fabulosos Cadillacs o una versi\u00f3n de Pink Martini, &#8216;Una noche en N\u00e1poles&#8217;, con un sorprendente tr\u00edo femenino, compuesto por Lila Downs, Ni\u00f1a Pastori y Soledad.<\/p>\n<p>Estas distintas combinaciones, donde a veces Carlos ejerce de gregario de lujo manejando desde un segundo plano la guitarra solista, no le asustan: &#8216;La m\u00fasica no tiene barreras, no tiene fronteras. Nunca veo la m\u00fasica como una jaula. La m\u00fasica es vida y a la vida no se le puede poner marco&#8217;.<\/p><div class=\"notic-content-middle\" id=\"notic-1943918101\"><div class=\"notic-adlabel\">Advertisements<\/div><a data-no-instant=\"1\" href=\"https:\/\/qrco.de\/bgxd5v\" rel=\"noopener\" class=\"a2t-link\" target=\"_blank\" aria-label=\"DisplayAd-728&#215;902\"><img loading=\"lazy\" decoding=\"async\" src=\"https:\/\/cdn.noticel.com\/2026\/08\/11174407\/DisplayAd-728x902-1.jpg\" alt=\"\"  srcset=\"https:\/\/cdn.noticel.com\/2026\/08\/11174407\/DisplayAd-728x902-1.jpg 728w, https:\/\/cdn.noticel.com\/2026\/08\/11174407\/DisplayAd-728x902-1-300x37.jpg 300w, https:\/\/cdn.noticel.com\/2026\/08\/11174407\/DisplayAd-728x902-1-18x2.jpg 18w\" sizes=\"(max-width: 728px) 100vw, 728px\" width=\"728\" height=\"90\"   \/><\/a><\/div>\n<p>Al hilo de la argumentaci\u00f3n, reivindica un continente como origen de casi todo. &#8216;La mayor\u00eda de la m\u00fasica que tocamos viene de \u00c1frica, todos venimos de \u00c1frica. Como siempre digo: la melod\u00eda es mujer, el ritmo es el hombre, la cama no importa&#8217;, afirma convencido.<\/p>\n<p>Para corroborar esa influencia africana, el guitarrista se muestra orgulloso por la inclusi\u00f3n de la canci\u00f3n &#8216;Besos de lejos&#8217;, de la caboverdiana Ces\u00e1ria \u00c9vora. El tema, interpretado por Gloria Estefan -&#8216;es magn\u00edfica, mucha alma, mucho coraz\u00f3n&#8217;-, capta, para Santana, el esp\u00edritu de la llamada &#8216;Diva descalza&#8217;.<\/p>\n<p>&#8216;Antes de que Ces\u00e1ria se fuera a la casa de Dios -falleci\u00f3 en 2011-, \u00edbamos a hacer algo juntos. Ella era como Billie Holiday (la gran dama estadounidense del jazz vocal). Estoy content\u00edsimo y muy agradecido por incluir esta canci\u00f3n&#8217;, comenta.<\/p>\n<p>Otra sorpresa es la participaci\u00f3n en el disco del cantante de origen cubano Pitbull. &#8216;\u00c9l tiene una m\u00fasica que es el sabor de hoy. En los dos \u00faltimos a\u00f1os, todo lo que hace est\u00e1 en el n\u00famero uno. \u00c9l quer\u00eda estar aqu\u00ed con nosotros, lo vi en sus ojos y lo siento en mi coraz\u00f3n&#8217;, expresa elogioso.<\/p>\n<p>Aunque la canci\u00f3n que interpretan juntos es todav\u00eda un secreto, todo apunta a que se trata del cl\u00e1sico &#8216;Oye como va&#8217; de Tito Puente, un tema que ya Santana populariz\u00f3 entre el p\u00fablico alternativo en los a\u00f1os setenta.<\/p>\n<p>Preguntado sobre si &#8216;Coraz\u00f3n&#8217; es la versi\u00f3n latina de su famoso disco &#8216;Supernatural&#8217; (BMG Ariola, 1999), que recog\u00eda colaboraciones con artistas anglosajones, el compositor mexicano elude comparaciones y reclama su nuevo \u00e1lbum como una necesidad vital.<\/p>\n<p>&#8216;Por qu\u00e9 respirar? Es cosa de la vida, es algo que tienes dentro, que tiene que salir. Es honrar a la gracia de Dios. A Dios le gusta que sus instrumentos -nosotros- se expandan, que sean brillantes. No hay que quedarse estancado, hay que seguir creciendo&#8217;, justifica con una espiritualidad que ha planeado durante toda la entrevista.<\/p>\n<p>Ganador de diez premios Grammy, tres Grammy Latino y miembro del sal\u00f3n de la fama del &#8216;rock and roll&#8217;, Santana, de 66 a\u00f1os, se mantiene en plena forma como pudieron comprobar los asistentes, el pasado s\u00e1bado, al concierto &#8216;Coraz\u00f3n, Live from M\u00e9xico&#8217;, celebrado ante 10,000 personas en el Arena VFG de Guadalajara.<\/p>\n<p>Esta vitalidad tiene mucho de fuerza interior. &#8216;Todos tenemos luz y duende y la gloria del bien nos rodea. Lo \u00fanico que tenemos que hacer es sonre\u00edr e iluminar a otra persona. Todos estamos aqu\u00ed para mejorar este mundo&#8217;, concluye optimista y sabio esta leyenda viva de la historia musical de nuestro tiempo.<\/p>","protected":false},"excerpt":{"rendered":"<p>Artistas como Pitbull, Juanes, Gloria Estefan y diez estrellas latinas m\u00e1s han acudido a la llamada del guitarrista Carlos Santana para participar en su nuevo \u00e1lbum de colaboraciones &#8216;Coraz\u00f3n&#8217;, un trabajo que saldr\u00e1 publicado en el primer trimestre de 2014. &#8216;Todos los artistas, hombres y mujeres, que han participado traen su luz, su talento, su [&hellip;]<\/p>","protected":false},"author":0,"featured_media":889224,"comment_status":"closed","ping_status":"closed","sticky":false,"template":"","format":"standard","meta":{"_acf_changed":false,"_monsterinsights_skip_tracking":false,"ep_exclude_from_search":false,"footnotes":""},"categories":[69],"tags":[],"class_list":["post-69003","post","type-post","status-publish","format-standard","has-post-thumbnail","hentry","category-vida-y-bienestar"],"acf":[],"aioseo_notices":[],"_links":{"self":[{"href":"https:\/\/noticel.com\/en\/wp-json\/wp\/v2\/posts\/69003","targetHints":{"allow":["GET"]}}],"collection":[{"href":"https:\/\/noticel.com\/en\/wp-json\/wp\/v2\/posts"}],"about":[{"href":"https:\/\/noticel.com\/en\/wp-json\/wp\/v2\/types\/post"}],"replies":[{"embeddable":true,"href":"https:\/\/noticel.com\/en\/wp-json\/wp\/v2\/comments?post=69003"}],"version-history":[{"count":1,"href":"https:\/\/noticel.com\/en\/wp-json\/wp\/v2\/posts\/69003\/revisions"}],"predecessor-version":[{"id":889255,"href":"https:\/\/noticel.com\/en\/wp-json\/wp\/v2\/posts\/69003\/revisions\/889255"}],"wp:featuredmedia":[{"embeddable":true,"href":"https:\/\/noticel.com\/en\/wp-json\/wp\/v2\/media\/889224"}],"wp:attachment":[{"href":"https:\/\/noticel.com\/en\/wp-json\/wp\/v2\/media?parent=69003"}],"wp:term":[{"taxonomy":"category","embeddable":true,"href":"https:\/\/noticel.com\/en\/wp-json\/wp\/v2\/categories?post=69003"},{"taxonomy":"post_tag","embeddable":true,"href":"https:\/\/noticel.com\/en\/wp-json\/wp\/v2\/tags?post=69003"}],"curies":[{"name":"wp","href":"https:\/\/api.w.org\/{rel}","templated":true}]}}