{"id":68586,"date":"2018-06-23T00:00:00","date_gmt":"2018-06-23T04:00:00","guid":{"rendered":"http:\/\/www.noticel.com\/baloncesto\/deportes\/20180623\/tyler-davis-no-podra-llevar-el-uniforme-puertorriqueno\/"},"modified":"2025-07-19T00:36:29","modified_gmt":"2025-07-19T00:36:29","slug":"tyler-davis-no-podra-llevar-el-uniforme-puertorriqueno","status":"publish","type":"post","link":"https:\/\/noticel.com\/en\/deportes\/20180623\/tyler-davis-no-podra-llevar-el-uniforme-puertorriqueno\/","title":{"rendered":"Tyler Davis no podr\u00e1 llevar el uniforme puertorrique\u00f1o"},"content":{"rendered":"<p><i>Sufri\u00f3 una lesi\u00f3n y no ha podido practicar<\/i><\/p>\n<p>El canastero de la Selecci\u00f3n Nacional de Baloncesto de Puerto Rico, Tyler Davis, no se unir\u00e1 al combinado patrio para participar de la tercera ventana clasificatoria al Mundial de baloncesto tras sufrir hace dos semanas una contusi\u00f3n en la cabeza que no le ha permitido practicar.<\/p>\n<p>&#8216;Por supuesto es una baja considerable para nuestro equipo y ten\u00edamos todas las esperanzas en que vistiera nuevamente el uniforme de Puerto Rico. Pero, tras sufrir una contusi\u00f3n en la cabeza durante un entrenamiento, y que lo mantuviera sin practicar por dos semanas, este decidi\u00f3 permanecer en los Estados Unidos para prepararse a lo que ser\u00e1 la Liga de Verano para la que fue invitado&#8217;, expres\u00f3 el licenciado Yum Ramos, presidente de la Federaci\u00f3n de Baloncesto de Puerto Rico (FBPUR).<\/p>\n<p>Davis, de madre puertorrique\u00f1a, no fue reclamado en el sorteo de novatos de la NBA, celebrado el pasado jueves. Sin embargo, los Nets de Brooklyn le hicieron una invitaci\u00f3n a la Liga de Verano de Las Vegas.<\/p><div class=\"notic-content-middle\" id=\"notic-1595783404\"><div class=\"notic-adlabel\">Advertisements<\/div><a data-no-instant=\"1\" href=\"https:\/\/www.asegurate-bien.com\/\" rel=\"noopener\" class=\"a2t-link\" target=\"_blank\" aria-label=\"Acodese-Adaptaciones-Noticel-300&#215;250\"><img loading=\"lazy\" decoding=\"async\" src=\"https:\/\/cdn.noticel.com\/2026\/05\/30094423\/Acodese-Adaptaciones-Noticel-300x250-1.jpg\" alt=\"\"  srcset=\"https:\/\/cdn.noticel.com\/2026\/05\/30094423\/Acodese-Adaptaciones-Noticel-300x250-1.jpg 300w, https:\/\/cdn.noticel.com\/2026\/05\/30094423\/Acodese-Adaptaciones-Noticel-300x250-1-14x12.jpg 14w\" sizes=\"(max-width: 300px) 100vw, 300px\" width=\"300\" height=\"250\"   \/><\/a><\/div>\n<p>El p\u00edvot de 20 a\u00f1os y 6&#8217;10&#8217; de estatura, debut\u00f3 con el Seleccionado Nacional durante el torneo AmeriCup celebrado en agosto del a\u00f1o pasado.<\/p>\n<p>La tercera ventana clasificatoria al Mundial China 2019, se celebrar\u00e1 el jueves, 28 de junio y 1ro de julio, frente a Cuba y Mexico, respectivamente.<\/p>\n<p>Los juegos se celebrar\u00e1n en el coliseo Roberto Clemente y se transmitir\u00e1n en exclusiva por Wapa Deportes. En el caso del juego frente a Mexico, la transmisi\u00f3n comenzar\u00e1 a las 6:00 de la tarde con el PreGame, a traves de Wapa y Wapa Deportes.<\/p>","protected":false},"excerpt":{"rendered":"<p>Sufri\u00f3 una lesi\u00f3n y no ha podido practicar El canastero de la Selecci\u00f3n Nacional de Baloncesto de Puerto Rico, Tyler Davis, no se unir\u00e1 al combinado patrio para participar de la tercera ventana clasificatoria al Mundial de baloncesto tras sufrir hace dos semanas una contusi\u00f3n en la cabeza que no le ha permitido practicar. &#8216;Por [&hellip;]<\/p>","protected":false},"author":0,"featured_media":522776,"comment_status":"closed","ping_status":"closed","sticky":false,"template":"","format":"standard","meta":{"_acf_changed":false,"_monsterinsights_skip_tracking":false,"ep_exclude_from_search":false,"footnotes":""},"categories":[33,31],"tags":[],"class_list":["post-68586","post","type-post","status-publish","format-standard","has-post-thumbnail","hentry","category-baloncesto","category-deportes"],"acf":[],"aioseo_notices":[],"_links":{"self":[{"href":"https:\/\/noticel.com\/en\/wp-json\/wp\/v2\/posts\/68586","targetHints":{"allow":["GET"]}}],"collection":[{"href":"https:\/\/noticel.com\/en\/wp-json\/wp\/v2\/posts"}],"about":[{"href":"https:\/\/noticel.com\/en\/wp-json\/wp\/v2\/types\/post"}],"replies":[{"embeddable":true,"href":"https:\/\/noticel.com\/en\/wp-json\/wp\/v2\/comments?post=68586"}],"version-history":[{"count":1,"href":"https:\/\/noticel.com\/en\/wp-json\/wp\/v2\/posts\/68586\/revisions"}],"predecessor-version":[{"id":522779,"href":"https:\/\/noticel.com\/en\/wp-json\/wp\/v2\/posts\/68586\/revisions\/522779"}],"wp:featuredmedia":[{"embeddable":true,"href":"https:\/\/noticel.com\/en\/wp-json\/wp\/v2\/media\/522776"}],"wp:attachment":[{"href":"https:\/\/noticel.com\/en\/wp-json\/wp\/v2\/media?parent=68586"}],"wp:term":[{"taxonomy":"category","embeddable":true,"href":"https:\/\/noticel.com\/en\/wp-json\/wp\/v2\/categories?post=68586"},{"taxonomy":"post_tag","embeddable":true,"href":"https:\/\/noticel.com\/en\/wp-json\/wp\/v2\/tags?post=68586"}],"curies":[{"name":"wp","href":"https:\/\/api.w.org\/{rel}","templated":true}]}}