{"id":68439,"date":"2016-07-18T00:00:00","date_gmt":"2016-07-18T04:00:00","guid":{"rendered":"http:\/\/www.noticel.com\/ahora\/20160718\/retrasan-inicio-de-las-clases\/"},"modified":"2025-07-30T07:58:21","modified_gmt":"2025-07-30T07:58:21","slug":"retrasan-inicio-de-las-clases","status":"publish","type":"post","link":"https:\/\/noticel.com\/en\/ultima-hora\/20160718\/retrasan-inicio-de-las-clases\/","title":{"rendered":"Retrasan inicio de las clases"},"content":{"rendered":"<p>El secretario del Departamento de Educaci\u00f3n (DE), Rafael Rom\u00e1n inform\u00f3 en una carta el retraso del inicio de las clases para el nuevo a\u00f1o escolar.<\/p>\n<p>&#8216;Con el prop\u00f3sito de proveer el tiempo apropiado para que el personal docente realice el proceso de ratificaci\u00f3n del nuevo convenio, es necesario realizar una enmienda a la fecha de inicio de los estudiantes establecida en el calendario escolar para el a\u00f1o 2016-2017&#8217;, indica la carta suscrita por el secretario.<\/p>\n<p>El documento, fechado al 16 de julio, detalla que el lunes, primero de agosto inicia el a\u00f1o escolar para todo el personal, mientras que el martes, 2 de agosto habr\u00e1 una Asamblea de ratificaci\u00f3n del convenio colectivo del personal docente.<\/p>\n<p>El viernes 5 de agosto, los padres visitar\u00e1n las escuelas y el lunes, 8 de agosto es el comienzo de clases para el estudiantado.<\/p>\n<p>Seg\u00fan se ha indicado, el inicio del nuevo curso estaba programado para comenzar el lunes, 4 de agosto.<\/p>","protected":false},"excerpt":{"rendered":"<p>El secretario del Departamento de Educaci\u00f3n (DE), Rafael Rom\u00e1n inform\u00f3 en una carta el retraso del inicio de las clases para el nuevo a\u00f1o escolar. &#8216;Con el prop\u00f3sito de proveer el tiempo apropiado para que el personal docente realice el proceso de ratificaci\u00f3n del nuevo convenio, es necesario realizar una enmienda a la fecha de [&hellip;]<\/p>","protected":false},"author":0,"featured_media":615319,"comment_status":"closed","ping_status":"closed","sticky":false,"template":"","format":"standard","meta":{"_acf_changed":false,"_monsterinsights_skip_tracking":false,"ep_exclude_from_search":false,"footnotes":""},"categories":[2],"tags":[],"class_list":["post-68439","post","type-post","status-publish","format-standard","has-post-thumbnail","hentry","category-ultima-hora"],"acf":[],"aioseo_notices":[],"_links":{"self":[{"href":"https:\/\/noticel.com\/en\/wp-json\/wp\/v2\/posts\/68439","targetHints":{"allow":["GET"]}}],"collection":[{"href":"https:\/\/noticel.com\/en\/wp-json\/wp\/v2\/posts"}],"about":[{"href":"https:\/\/noticel.com\/en\/wp-json\/wp\/v2\/types\/post"}],"replies":[{"embeddable":true,"href":"https:\/\/noticel.com\/en\/wp-json\/wp\/v2\/comments?post=68439"}],"version-history":[{"count":1,"href":"https:\/\/noticel.com\/en\/wp-json\/wp\/v2\/posts\/68439\/revisions"}],"predecessor-version":[{"id":615331,"href":"https:\/\/noticel.com\/en\/wp-json\/wp\/v2\/posts\/68439\/revisions\/615331"}],"wp:featuredmedia":[{"embeddable":true,"href":"https:\/\/noticel.com\/en\/wp-json\/wp\/v2\/media\/615319"}],"wp:attachment":[{"href":"https:\/\/noticel.com\/en\/wp-json\/wp\/v2\/media?parent=68439"}],"wp:term":[{"taxonomy":"category","embeddable":true,"href":"https:\/\/noticel.com\/en\/wp-json\/wp\/v2\/categories?post=68439"},{"taxonomy":"post_tag","embeddable":true,"href":"https:\/\/noticel.com\/en\/wp-json\/wp\/v2\/tags?post=68439"}],"curies":[{"name":"wp","href":"https:\/\/api.w.org\/{rel}","templated":true}]}}