{"id":68383,"date":"2016-06-17T00:00:00","date_gmt":"2016-06-17T04:00:00","guid":{"rendered":"http:\/\/www.noticel.com\/ahora\/20160617\/excontribuyente-ppd-pide-cambios-en-el-partido\/"},"modified":"2025-07-29T18:47:10","modified_gmt":"2025-07-29T18:47:10","slug":"excontribuyente-ppd-pide-cambios-en-el-partido","status":"publish","type":"post","link":"https:\/\/noticel.com\/en\/ultima-hora\/20160617\/excontribuyente-ppd-pide-cambios-en-el-partido\/","title":{"rendered":"Excontribuyente PPD pide cambios en el partido"},"content":{"rendered":"<p>El presidente de Pan American Grain, Jose Gonz\u00e1lez Freyre, quien tuvo problemas con la justicia federal por donativos pol\u00edticos, neg\u00f3 que participe en la recaudaci\u00f3n de fondos del aspirante a la gobernaci\u00f3n por el Partido Popular Democr\u00e1tico (PPD), David Bernier Rivera, y opin\u00f3 que la colectividad debe transformarse tras los fallos del Tribunal Supremo federal que ratificaron que el Estado Libre Asociado no es soberano.<\/p>\n<p>&#8216;El Partido Popular Democr\u00e1tico madura igual que los hombres. El ELA vino despu\u00e9s del partido, vino 16 a\u00f1os despu\u00e9s del partido, o sea que el Partido Popular no es el ELA, es Pan Tierra y Libertad&#8217;, declar\u00f3 Gonz\u00e1lez Freyre al tiempo que se distanci\u00f3 de la propuesta del candidato popular a la gobernaci\u00f3n para cambiar el lema del partido a &#8216;Unidad, Trabajo y Prosperidad&#8217;.<\/p>\n<p>&#8216;Todos los d\u00edas hay que hacer un cambio porque todos los d\u00edas la tierra est\u00e1 en un sitio diferente y uno tiene que cambiar con ella. El que se aferre al pasado y a un ideal no crece y el problema de Puerto Rico es que necesita crecimiento&#8230; El Partido Popular tiene que seguir cambiando como lo ha hecho por los pasados 80 a\u00f1os&#8217;, opin\u00f3 el empresario.<\/p><div class=\"notic-content-middle\" id=\"notic-3080532674\"><div class=\"notic-adlabel\">Advertisements<\/div><a data-no-instant=\"1\" href=\"https:\/\/www.asegurate-bien.com\/\" rel=\"noopener\" class=\"a2t-link\" target=\"_blank\" aria-label=\"Acodese-Adaptaciones-Noticel-728&#215;90\"><img loading=\"lazy\" decoding=\"async\" src=\"https:\/\/cdn.noticel.com\/2026\/07\/30095222\/Acodese-Adaptaciones-Noticel-728x90-1.jpg\" alt=\"\"  srcset=\"https:\/\/cdn.noticel.com\/2026\/07\/30095222\/Acodese-Adaptaciones-Noticel-728x90-1.jpg 728w, https:\/\/cdn.noticel.com\/2026\/07\/30095222\/Acodese-Adaptaciones-Noticel-728x90-1-300x37.jpg 300w, https:\/\/cdn.noticel.com\/2026\/07\/30095222\/Acodese-Adaptaciones-Noticel-728x90-1-18x2.jpg 18w\" sizes=\"(max-width: 728px) 100vw, 728px\" width=\"728\" height=\"90\"   \/><\/a><\/div>\n<p>Sobre los estados financieros para la campa\u00f1a de David Bernier, Gonz\u00e1lez Freyre indic\u00f3, &#8216;yo no estoy en ese departamento. Yo no participo de las finanzas&#8217;.<\/p>\n<p>Sus expresiones fueron hechas durante un recorrido de la prensa esta semana en lo que ser\u00e1 el parque agrotur\u00edstico Terravista ParkLand en Areciboy cuya atracci\u00f3n principal ser\u00e1 el monumento a Crist\u00f3bal Col\u00f3n &#8216;Nacimiento de un Nuevo Mundo&#8217;.<\/p>\n<p>El empresario se declar\u00f3 culpable de mentirle a agentes del FBI en la pesquisa sobre las contribuciones pol\u00edticas a las campa\u00f1as del exgobernador An\u00edbal Acevedo Vil\u00e1.<\/p>","protected":false},"excerpt":{"rendered":"<p>El presidente de Pan American Grain, Jose Gonz\u00e1lez Freyre, quien tuvo problemas con la justicia federal por donativos pol\u00edticos, neg\u00f3 que participe en la recaudaci\u00f3n de fondos del aspirante a la gobernaci\u00f3n por el Partido Popular Democr\u00e1tico (PPD), David Bernier Rivera, y opin\u00f3 que la colectividad debe transformarse tras los fallos del Tribunal Supremo federal [&hellip;]<\/p>","protected":false},"author":0,"featured_media":610611,"comment_status":"closed","ping_status":"closed","sticky":false,"template":"","format":"standard","meta":{"_acf_changed":false,"_monsterinsights_skip_tracking":false,"ep_exclude_from_search":false,"footnotes":""},"categories":[2],"tags":[],"class_list":["post-68383","post","type-post","status-publish","format-standard","has-post-thumbnail","hentry","category-ultima-hora"],"acf":[],"aioseo_notices":[],"_links":{"self":[{"href":"https:\/\/noticel.com\/en\/wp-json\/wp\/v2\/posts\/68383","targetHints":{"allow":["GET"]}}],"collection":[{"href":"https:\/\/noticel.com\/en\/wp-json\/wp\/v2\/posts"}],"about":[{"href":"https:\/\/noticel.com\/en\/wp-json\/wp\/v2\/types\/post"}],"replies":[{"embeddable":true,"href":"https:\/\/noticel.com\/en\/wp-json\/wp\/v2\/comments?post=68383"}],"version-history":[{"count":1,"href":"https:\/\/noticel.com\/en\/wp-json\/wp\/v2\/posts\/68383\/revisions"}],"predecessor-version":[{"id":610628,"href":"https:\/\/noticel.com\/en\/wp-json\/wp\/v2\/posts\/68383\/revisions\/610628"}],"wp:featuredmedia":[{"embeddable":true,"href":"https:\/\/noticel.com\/en\/wp-json\/wp\/v2\/media\/610611"}],"wp:attachment":[{"href":"https:\/\/noticel.com\/en\/wp-json\/wp\/v2\/media?parent=68383"}],"wp:term":[{"taxonomy":"category","embeddable":true,"href":"https:\/\/noticel.com\/en\/wp-json\/wp\/v2\/categories?post=68383"},{"taxonomy":"post_tag","embeddable":true,"href":"https:\/\/noticel.com\/en\/wp-json\/wp\/v2\/tags?post=68383"}],"curies":[{"name":"wp","href":"https:\/\/api.w.org\/{rel}","templated":true}]}}