{"id":68268,"date":"2012-09-20T00:00:00","date_gmt":"2012-09-20T04:00:00","guid":{"rendered":"http:\/\/www.noticel.com\/ahora\/la-calle\/politica\/20120920\/director-de-finanzas-de-fortuno-al-banquillo-de-testigos-en-caso-paredes\/"},"modified":"2025-08-25T13:44:25","modified_gmt":"2025-08-25T13:44:25","slug":"director-de-finanzas-de-fortuno-al-banquillo-de-testigos-en-caso-paredes","status":"publish","type":"post","link":"https:\/\/noticel.com\/en\/ultima-hora\/20120920\/director-de-finanzas-de-fortuno-al-banquillo-de-testigos-en-caso-paredes\/","title":{"rendered":"Director de Finanzas de Fortu\u00f1o al banquillo de testigos en caso Paredes"},"content":{"rendered":"<p>Andres Nevares, director de finanzas de la campa\u00f1a a la reelecci\u00f3n del gobernador Luis Fortu\u00f1o Burset, ocupar\u00e1 el banquillo de los testigos en el caso del asesinato de la ejecutiva de seguros Carmen Paredes, hecho de sangre que se le imputa al esposo de la fenecida, Pablo Casellas Toro.<\/p>\n<p>El testimonio de Nevares girar\u00e1 en torno al alegado hurto de auto a mano armada que sufri\u00f3 el imputado el 17 de junio, fecha en que se conmemoraba el D\u00eda de los Padres. Evidencia en poder del ministerio p\u00fablico apunta a que el supuesto<\/p>\n<p><em>&#8216;carjacking&#8217;<\/em> nunca ocurri\u00f3.<\/p>\n<p>Fortu\u00f1o Burset no quiso hablar sobre el tema cuando NotiCel le pregunt\u00f3 sobre el asunto en momentos en que sal\u00eda de una rueda de prensa en la sede del Partido Nuevo Progresista (PNP).<\/p>\n<p>&#8216;Yo no hablo de casos espec\u00edficos porque es altamente impropio, sabes que no debo hablar de casos espec\u00edficos&#8217;, se limit\u00f3 a contestar.<\/p>\n<p>Quien s\u00ed ofreci\u00f3 una reacci\u00f3n a este diario digital fue el director de campa\u00f1a, \u00c1ngel Cintr\u00f3n, al confirmar que el testimonio de Nevares se relaciona a la supuesta tentativa de asesinato que sufri\u00f3 Casellas Toro cuando, seg\u00fan report\u00f3 falsamente a las autoridades, fue v\u00edctima de un <em>&#8216;carjacking&#8217;<\/em> luego de ir al Club de tiro en el que practicaba,lugarque ese d\u00eda estaba cerrado.<\/p>\n<p>Cintr\u00f3n rechaz\u00f3 que la citaci\u00f3n afecte de alguna manera la campa\u00f1a del PNP.<\/p>\n<p>&#8216;No tiene nada que ver y no puedo dar todo el detalle porque es algo legal&#8217;, destac\u00f3 al rechazar cualquier v\u00ednculo entre director de finanzas de la campa\u00f1a y el tr\u00e1gico crimen.<\/p>\n<p>&#8216;Por casualidades del destino, \u00e9l y otras personas estaban corriendo bicicleta en &#8216;X&#8217; momento en un carretera y se tropezaron con una escena X por la cual tiene que testificar sobre la escena que vieron, eso es todo&#8217;, explic\u00f3 Cintr\u00f3n a NotiCel.<\/p><div class=\"notic-content-middle\" id=\"notic-3678556897\"><div class=\"notic-adlabel\">Advertisements<\/div><a data-no-instant=\"1\" href=\"https:\/\/www.asegurate-bien.com\/\" rel=\"noopener\" class=\"a2t-link\" target=\"_blank\" aria-label=\"Acodese-Adaptaciones-Noticel-300&#215;250\"><img loading=\"lazy\" decoding=\"async\" src=\"https:\/\/cdn.noticel.com\/2026\/05\/30094423\/Acodese-Adaptaciones-Noticel-300x250-1.jpg\" alt=\"\"  srcset=\"https:\/\/cdn.noticel.com\/2026\/05\/30094423\/Acodese-Adaptaciones-Noticel-300x250-1.jpg 300w, https:\/\/cdn.noticel.com\/2026\/05\/30094423\/Acodese-Adaptaciones-Noticel-300x250-1-14x12.jpg 14w\" sizes=\"(max-width: 300px) 100vw, 300px\" width=\"300\" height=\"250\"   \/><\/a><\/div>\n<p>Destac\u00f3 que a \u00e9l y a los otros dos ciclistas &#8216;se les requiere que esos tres ciudadanos revelen lo que vieron ese domingo en ese lugar&#8217;.<\/p>\n<p>Cintr\u00f3n indic\u00f3 que convers\u00f3 &#8216;privadamente&#8217; con Nevares sobre el asunto y que \u00e9l como abogado le dijo que cumpliera con su responsabilidad ciudadana.<\/p>\n<p>&#8216;Estaban tres personas privadas, \u00e9l, un doctor y una persona m\u00e1s y tienen que atestiguar lo que vieron&#8217;, sostuvo Cintr\u00f3n, quien reclam\u00f3 que &#8216;se haga la justicia que se tenga que hacer&#8217; en el caso.<\/p>\n<p>NotiCel intent\u00f3 infructuosamente conseguir una reacci\u00f3n de Nevares.<\/p>\n<p>Paredes fue vilmente asesinada en la terraza de su residencia el 14 de julio.<\/p>\n<p>Casellas Toro ha dicho p\u00fablicamente que \u00e9l no cometi\u00f3 el crimen, pero las versiones contradictorias que ofreci\u00f3 sobre los hechos y la evidencia cient\u00edfica recopilada en la escena aparentemente lo incriminan como el autor del asesinato de su esposa.<\/p>\n<p>La vista preliminar contra el corredor de seguros est\u00e1 se\u00f1alada para iniciar el 4 de octubre, luego que ayer la defensa inform\u00f3 al juez de caso que no estaba preparada para representar adecuadamente a su cliente.<\/p>\n<p>NotiCel public\u00f3 una historia sobre el tema, para verla, pulse <a href=\"https:\/\/noticel.com\/en\/noticia\/130192\/citan-tres-testigos-expertos-en-tiro-en-caso-casellas.html\/\">aqu\u00ed.<\/a><\/p>","protected":false},"excerpt":{"rendered":"<p>Andres Nevares, director de finanzas de la campa\u00f1a a la reelecci\u00f3n del gobernador Luis Fortu\u00f1o Burset, ocupar\u00e1 el banquillo de los testigos en el caso del asesinato de la ejecutiva de seguros Carmen Paredes, hecho de sangre que se le imputa al esposo de la fenecida, Pablo Casellas Toro. El testimonio de Nevares girar\u00e1 en [&hellip;]<\/p>","protected":false},"author":0,"featured_media":911824,"comment_status":"closed","ping_status":"closed","sticky":false,"template":"","format":"standard","meta":{"_acf_changed":false,"_monsterinsights_skip_tracking":false,"ep_exclude_from_search":false,"footnotes":""},"categories":[12,7,2],"tags":[],"class_list":["post-68268","post","type-post","status-publish","format-standard","has-post-thumbnail","hentry","category-la-calle","category-politica","category-ultima-hora"],"acf":[],"aioseo_notices":[],"_links":{"self":[{"href":"https:\/\/noticel.com\/en\/wp-json\/wp\/v2\/posts\/68268","targetHints":{"allow":["GET"]}}],"collection":[{"href":"https:\/\/noticel.com\/en\/wp-json\/wp\/v2\/posts"}],"about":[{"href":"https:\/\/noticel.com\/en\/wp-json\/wp\/v2\/types\/post"}],"replies":[{"embeddable":true,"href":"https:\/\/noticel.com\/en\/wp-json\/wp\/v2\/comments?post=68268"}],"version-history":[{"count":1,"href":"https:\/\/noticel.com\/en\/wp-json\/wp\/v2\/posts\/68268\/revisions"}],"predecessor-version":[{"id":911846,"href":"https:\/\/noticel.com\/en\/wp-json\/wp\/v2\/posts\/68268\/revisions\/911846"}],"wp:featuredmedia":[{"embeddable":true,"href":"https:\/\/noticel.com\/en\/wp-json\/wp\/v2\/media\/911824"}],"wp:attachment":[{"href":"https:\/\/noticel.com\/en\/wp-json\/wp\/v2\/media?parent=68268"}],"wp:term":[{"taxonomy":"category","embeddable":true,"href":"https:\/\/noticel.com\/en\/wp-json\/wp\/v2\/categories?post=68268"},{"taxonomy":"post_tag","embeddable":true,"href":"https:\/\/noticel.com\/en\/wp-json\/wp\/v2\/tags?post=68268"}],"curies":[{"name":"wp","href":"https:\/\/api.w.org\/{rel}","templated":true}]}}