{"id":68101,"date":"2018-07-05T00:00:00","date_gmt":"2018-07-05T04:00:00","guid":{"rendered":"http:\/\/www.noticel.com\/el-tiempo\/huracanes\/top-stories\/20180705\/vigilan-de-cerca-desarrollo-de-onda-tropical-rumbo-al-caribe\/"},"modified":"2025-07-18T21:46:10","modified_gmt":"2025-07-18T21:46:10","slug":"vigilan-de-cerca-desarrollo-de-onda-tropical-rumbo-al-caribe","status":"publish","type":"post","link":"https:\/\/noticel.com\/en\/el-tiempo\/20180705\/vigilan-de-cerca-desarrollo-de-onda-tropical-rumbo-al-caribe\/","title":{"rendered":"Vigilan de cerca desarrollo de onda tropical rumbo al Caribe"},"content":{"rendered":"<p><i>Aumentan probabilidades de desarrollo<\/i><\/p>\n<p>Una onda tropical al este de las Antillas Menores mantiene preocupados a los meteor\u00f3logos del Centro Nacional de Huracanes (CNH) por su potencial desarrollo en ruta hacia al Caribe.<\/p>\n<p>El miercoles en la noche los meteor\u00f3logos del CNH aumentaron la probabilidad de desarrollo del sistema y tiene un 70% de probabilidad de que sea clasificada en depresi\u00f3n tropical en los pr\u00f3ximos d\u00edas pero se espera que el ambiente ya acerc\u00e1ndose a nuestra \u00e1rea sea menos favorable para su desarrollo.<\/p>\n<p>Seg\u00fan nuestra meteor\u00f3loga Ada Monz\u00f3n, el sistema a\u00fan no tiene circulaci\u00f3n cerrada.<\/p><div class=\"notic-content-middle\" id=\"notic-2035538925\"><div class=\"notic-adlabel\">Advertisements<\/div><a data-no-instant=\"1\" href=\"https:\/\/qrco.de\/bgxd5v\" rel=\"noopener\" class=\"a2t-link\" target=\"_blank\" aria-label=\"DisplayAds-970&#215;2502\"><img loading=\"lazy\" decoding=\"async\" src=\"https:\/\/cdn.noticel.com\/2026\/09\/02200838\/DisplayAds-970x2502-1.jpg\" alt=\"\"  srcset=\"https:\/\/cdn.noticel.com\/2026\/09\/02200838\/DisplayAds-970x2502-1.jpg 970w, https:\/\/cdn.noticel.com\/2026\/09\/02200838\/DisplayAds-970x2502-1-300x77.jpg 300w, https:\/\/cdn.noticel.com\/2026\/09\/02200838\/DisplayAds-970x2502-1-768x198.jpg 768w, https:\/\/cdn.noticel.com\/2026\/09\/02200838\/DisplayAds-970x2502-1-18x5.jpg 18w\" sizes=\"(max-width: 970px) 100vw, 970px\" width=\"970\" height=\"250\"   \/><\/a><\/div>\n<p>{&#8216;url&#8217;:&#8217;https:\/\/twitter.com\/adamonzon\/status\/1014665255081971712&#8242;,&#8217;author_name&#8217;:&#8217;Ada Monz\u00f3n&#8217;,&#8217;author_url&#8217;:&#8217;https:\/\/twitter.com\/adamonzon&#8217;,&#8217;html&#8217;:&#8217;lt;blockquote class=&#8217;twitter-tweet&#8217;gt;lt;p lang=&#8217;es&#8217; dir=&#8217;ltr&#8217;gt;El lt;a href=&#8217;https:\/\/twitter.com\/hashtag\/95L?src=hash&amp;ref_src=twsrc%5Etfw&#8217;gt;#95Llt;\/agt; a\u00fan no tiene circulaci\u00f3n cerrada para ser clasificada, pero tiene buen ambiente y paso de lograrlo por ser compacta. Si lo logra, su vida debe ser corta por fuertes vientos cortantes en las capas medias y altas de la atm\u00f3sfera. lt;a href=&#8217;https:\/\/t.co\/9g8oYadKjG&#8217;gt;https:\/\/t.co\/9g8oYadKjGlt;\/agt;lt;\/pgt;\u2014 Ada Monz\u00f3n (@adamonzon) lt;a href=&#8217;https:\/\/twitter.com\/adamonzon\/status\/1014665255081971712?ref_src=twsrc%5Etfw&#8217;gt;July 5, 2018lt;\/agt;lt;\/blockquotegt;nlt;script async src=&#8217;https:\/\/platform.twitter.com\/widgets.js&#8217; charset=&#8217;utf-8&#8217;gt;lt;\/scriptgt;n&#8217;,&#8217;width&#8217;:550,&#8217;height&#8217;:null,&#8217;type&#8217;:&#8217;rich&#8217;,&#8217;cache_age&#8217;:&#8217;3153600000&#8242;,&#8217;provider_name&#8217;:&#8217;Twitter&#8217;,&#8217;provider_url&#8217;:&#8217;https:\/\/twitter.com&#8217;,&#8217;version&#8217;:&#8217;1.0&#8242;}<\/p>\n<p>{&#8216;url&#8217;:&#8217;https:\/\/twitter.com\/adamonzon\/status\/1014665255081971712&#8242;,&#8217;author_name&#8217;:&#8217;Ada Monz\u00f3n&#8217;,&#8217;author_url&#8217;:&#8217;https:\/\/twitter.com\/adamonzon&#8217;,&#8217;html&#8217;:&#8217;lt;blockquote class=&#8217;twitter-tweet&#8217;gt;lt;p lang=&#8217;es&#8217; dir=&#8217;ltr&#8217;gt;El lt;a href=&#8217;https:\/\/twitter.com\/hashtag\/95L?src=hash&amp;ref_src=twsrc%5Etfw&#8217;gt;#95Llt;\/agt; a\u00fan no tiene circulaci\u00f3n cerrada para ser clasificada, pero tiene buen ambiente y paso de lograrlo por ser compacta. Si lo logra, su vida debe ser corta por fuertes vientos cortantes en las capas medias y altas de la atm\u00f3sfera. lt;a href=&#8217;https:\/\/t.co\/9g8oYadKjG&#8217;gt;https:\/\/t.co\/9g8oYadKjGlt;\/agt;lt;\/pgt;\u2014 Ada Monz\u00f3n (@adamonzon) lt;a href=&#8217;https:\/\/twitter.com\/adamonzon\/status\/1014665255081971712?ref_src=twsrc%5Etfw&#8217;gt;July 5, 2018lt;\/agt;lt;\/blockquotegt;nlt;script async src=&#8217;https:\/\/platform.twitter.com\/widgets.js&#8217; charset=&#8217;utf-8&#8217;gt;lt;\/scriptgt;n&#8217;,&#8217;width&#8217;:550,&#8217;height&#8217;:null,&#8217;type&#8217;:&#8217;rich&#8217;,&#8217;cache_age&#8217;:&#8217;3153600000&#8242;,&#8217;provider_name&#8217;:&#8217;Twitter&#8217;,&#8217;provider_url&#8217;:&#8217;https:\/\/twitter.com&#8217;,&#8217;version&#8217;:&#8217;1.0&#8242;}<\/p>\n<p>El sistema podr\u00eda llegar a nuestra \u00e1rea como una fuerte onda tropical entre el domingo y el lunes.<\/p>","protected":false},"excerpt":{"rendered":"<p>Aumentan probabilidades de desarrollo Una onda tropical al este de las Antillas Menores mantiene preocupados a los meteor\u00f3logos del Centro Nacional de Huracanes (CNH) por su potencial desarrollo en ruta hacia al Caribe. El miercoles en la noche los meteor\u00f3logos del CNH aumentaron la probabilidad de desarrollo del sistema y tiene un 70% de probabilidad [&hellip;]<\/p>","protected":false},"author":0,"featured_media":521192,"comment_status":"closed","ping_status":"closed","sticky":false,"template":"","format":"standard","meta":{"_acf_changed":false,"_monsterinsights_skip_tracking":false,"ep_exclude_from_search":false,"footnotes":""},"categories":[18,19],"tags":[],"class_list":["post-68101","post","type-post","status-publish","format-standard","has-post-thumbnail","hentry","category-el-tiempo","category-huracanes"],"acf":[],"aioseo_notices":[],"_links":{"self":[{"href":"https:\/\/noticel.com\/en\/wp-json\/wp\/v2\/posts\/68101","targetHints":{"allow":["GET"]}}],"collection":[{"href":"https:\/\/noticel.com\/en\/wp-json\/wp\/v2\/posts"}],"about":[{"href":"https:\/\/noticel.com\/en\/wp-json\/wp\/v2\/types\/post"}],"replies":[{"embeddable":true,"href":"https:\/\/noticel.com\/en\/wp-json\/wp\/v2\/comments?post=68101"}],"version-history":[{"count":1,"href":"https:\/\/noticel.com\/en\/wp-json\/wp\/v2\/posts\/68101\/revisions"}],"predecessor-version":[{"id":521194,"href":"https:\/\/noticel.com\/en\/wp-json\/wp\/v2\/posts\/68101\/revisions\/521194"}],"wp:featuredmedia":[{"embeddable":true,"href":"https:\/\/noticel.com\/en\/wp-json\/wp\/v2\/media\/521192"}],"wp:attachment":[{"href":"https:\/\/noticel.com\/en\/wp-json\/wp\/v2\/media?parent=68101"}],"wp:term":[{"taxonomy":"category","embeddable":true,"href":"https:\/\/noticel.com\/en\/wp-json\/wp\/v2\/categories?post=68101"},{"taxonomy":"post_tag","embeddable":true,"href":"https:\/\/noticel.com\/en\/wp-json\/wp\/v2\/tags?post=68101"}],"curies":[{"name":"wp","href":"https:\/\/api.w.org\/{rel}","templated":true}]}}