{"id":67686,"date":"2017-05-03T00:00:00","date_gmt":"2017-05-03T04:00:00","guid":{"rendered":"http:\/\/www.noticel.com\/ahora\/20170503\/santini-pide-cuentas-a-yulin\/"},"modified":"2025-07-22T18:27:23","modified_gmt":"2025-07-22T18:27:23","slug":"santini-pide-cuentas-a-yulin","status":"publish","type":"post","link":"https:\/\/noticel.com\/en\/ultima-hora\/20170503\/santini-pide-cuentas-a-yulin\/","title":{"rendered":"Santini pide &#8216;cuentas&#8217; a Yul\u00edn"},"content":{"rendered":"<p>El exalcalde de San Juan, Jorge Santini, continu\u00f3 la l\u00ednea que ha llevado el Partido Nuevo Progesista (PNP), solicit\u00e1ndole cuentas a la alcaldesa de San Juan, Carmen Yul\u00edn Cruz, tras varios enfrentamientos entre manifestantes y la Polic\u00eda de Puerto Rico que ocurrieron durante el Paro Nacional.<\/p>\n<p>Seg\u00fan el exejecutivola actual alcaldesa tiene responsabilidad en los actos ocurridos el pasado 1ero de mayo donde alegados manifestantesvandalizaron varias instituciones financieras ubicadas en la Milla de Oro. La presunci\u00f3n de Santini se da por este entender que los comentarios de Cruz Soto aluden a que los protestantes se revelen en actos violentos.<\/p>\n<p>&#8216;Ella dice aqu\u00ed nadie se rinde, como si se estuvieran cayendo a tiros&#8217;, mencion\u00f3 Santini en referencia a varios comentarios que la alcaldesa ha hecho a trav\u00e9s de su cuenta de Twitter.<\/p><div class=\"notic-content-middle\" id=\"notic-10909288\"><div class=\"notic-adlabel\">Advertisements<\/div><a data-no-instant=\"1\" href=\"https:\/\/www.asegurate-bien.com\/\" rel=\"noopener\" class=\"a2t-link\" target=\"_blank\" aria-label=\"Acodese-Adaptaciones-Noticel-970&#215;250\"><img loading=\"lazy\" decoding=\"async\" src=\"https:\/\/cdn.noticel.com\/2026\/05\/30100504\/Acodese-Adaptaciones-Noticel-970x250-1.jpg\" alt=\"\"  srcset=\"https:\/\/cdn.noticel.com\/2026\/05\/30100504\/Acodese-Adaptaciones-Noticel-970x250-1.jpg 970w, https:\/\/cdn.noticel.com\/2026\/05\/30100504\/Acodese-Adaptaciones-Noticel-970x250-1-300x77.jpg 300w, https:\/\/cdn.noticel.com\/2026\/05\/30100504\/Acodese-Adaptaciones-Noticel-970x250-1-768x198.jpg 768w, https:\/\/cdn.noticel.com\/2026\/05\/30100504\/Acodese-Adaptaciones-Noticel-970x250-1-18x5.jpg 18w\" sizes=\"(max-width: 970px) 100vw, 970px\" width=\"970\" height=\"250\"   \/><\/a><\/div>\n<p>Asimismo, en entrevista con WKAQ, el exalcalde sostuvo que es necesario que la ejecutiva capitalinasostenga p\u00fablicamente que no aprueba los hechos ocurridos el pasado lunes.<\/p>\n<p>Sin embargo, a pesar de estas declaraciones, Santini defendi\u00f3 lo que dijo es el derecho a la libre expresi\u00f3n ciudadana.<\/p>\n<p>&#8216;Aunque puedas estar de acuerdo o no con ellos (los manifestantes), sabemos que hab\u00edan miles de personas all\u00ed (en el Paro Nacional)manifest\u00e1ndose porque est\u00e1n en desacuerdo con las medidas tomadas por esta administraci\u00f3n&#8217;, culmin\u00f3 el exalcalde.<\/p>","protected":false},"excerpt":{"rendered":"<p>El exalcalde de San Juan, Jorge Santini, continu\u00f3 la l\u00ednea que ha llevado el Partido Nuevo Progesista (PNP), solicit\u00e1ndole cuentas a la alcaldesa de San Juan, Carmen Yul\u00edn Cruz, tras varios enfrentamientos entre manifestantes y la Polic\u00eda de Puerto Rico que ocurrieron durante el Paro Nacional. Seg\u00fan el exejecutivola actual alcaldesa tiene responsabilidad en los [&hellip;]<\/p>","protected":false},"author":0,"featured_media":558297,"comment_status":"closed","ping_status":"closed","sticky":false,"template":"","format":"standard","meta":{"_acf_changed":false,"_monsterinsights_skip_tracking":false,"ep_exclude_from_search":false,"footnotes":""},"categories":[2],"tags":[],"class_list":["post-67686","post","type-post","status-publish","format-standard","has-post-thumbnail","hentry","category-ultima-hora"],"acf":[],"aioseo_notices":[],"_links":{"self":[{"href":"https:\/\/noticel.com\/en\/wp-json\/wp\/v2\/posts\/67686","targetHints":{"allow":["GET"]}}],"collection":[{"href":"https:\/\/noticel.com\/en\/wp-json\/wp\/v2\/posts"}],"about":[{"href":"https:\/\/noticel.com\/en\/wp-json\/wp\/v2\/types\/post"}],"replies":[{"embeddable":true,"href":"https:\/\/noticel.com\/en\/wp-json\/wp\/v2\/comments?post=67686"}],"version-history":[{"count":1,"href":"https:\/\/noticel.com\/en\/wp-json\/wp\/v2\/posts\/67686\/revisions"}],"predecessor-version":[{"id":558298,"href":"https:\/\/noticel.com\/en\/wp-json\/wp\/v2\/posts\/67686\/revisions\/558298"}],"wp:featuredmedia":[{"embeddable":true,"href":"https:\/\/noticel.com\/en\/wp-json\/wp\/v2\/media\/558297"}],"wp:attachment":[{"href":"https:\/\/noticel.com\/en\/wp-json\/wp\/v2\/media?parent=67686"}],"wp:term":[{"taxonomy":"category","embeddable":true,"href":"https:\/\/noticel.com\/en\/wp-json\/wp\/v2\/categories?post=67686"},{"taxonomy":"post_tag","embeddable":true,"href":"https:\/\/noticel.com\/en\/wp-json\/wp\/v2\/tags?post=67686"}],"curies":[{"name":"wp","href":"https:\/\/api.w.org\/{rel}","templated":true}]}}