{"id":67213,"date":"2016-09-28T00:00:00","date_gmt":"2016-09-28T04:00:00","guid":{"rendered":"http:\/\/www.noticel.com\/vida\/20160928\/escobar-y-diaz-alfaro-protagonizan-la-campechada-y-festival-de-la-palabra\/"},"modified":"2025-07-25T19:16:27","modified_gmt":"2025-07-25T19:16:27","slug":"escobar-y-diaz-alfaro-protagonizan-la-campechada-y-festival-de-la-palabra","status":"publish","type":"post","link":"https:\/\/noticel.com\/en\/vida-y-bienestar\/20160928\/escobar-y-diaz-alfaro-protagonizan-la-campechada-y-festival-de-la-palabra\/","title":{"rendered":"Escobar y D\u00edaz Alfaro protagonizan la Campechada y Festival de la Palabra ("},"content":{"rendered":"<p>Las calles del Viejo San Juan volver\u00e1n a vibrar con la energ\u00eda de un programa de actividades completo y variado, producto de la uni\u00f3n del Festival de la Palabra y la Campechada, que se celebrar\u00e1n de forma simult\u00e1nea del 18 al 23 de octubre en diversas localidades de la ciudad amurallada.<\/p>\n<p>Este a\u00f1o la Campechada rinde tributo al artista pl\u00e1stico y poeta Elizam Escobar, con la ya tradicional comparsa de apertura que se llevar\u00e1 a cabo el viernes 21 y las actividades que contin\u00faan s\u00e1bado y domingo.<\/p>\n<p>&#8216;El programa de Campechada 2016 Elizam Escobar que presentamos hoy contiene una rica mezcla de presentaciones art\u00edsticas que van desde el teatro gestual y la m\u00fasica, hasta los cabezudos. Estamos contentos de que tendremos escuelas de varios pueblos en tarima. Tambi\u00e9n, y como siempre, tendremos decenas de artistas pl\u00e1sticos vendiendo su arte en la calle San Sebasti\u00e1n, acompa\u00f1ados por modelos que representar\u00e1n personajes de la obra de Elizam. En la calle San Sebasti\u00e1n los ni\u00f1os, ni\u00f1as y j\u00f3venes podr\u00e1n pintar en vivo e inspirarse en la obra de uno de nuestros grandes artistas. Bienvenidos sean todos a este gran junte festivo-cultural&#8217;, expres\u00f3 el director ejecutivo del Instituto de Cultura Puertorrique\u00f1a (ICP), Jorge Irizarry Vizcarrondo.<\/p>\n<p>Se presentar\u00e1n grupos como Agua, Sol y Sereno, Plen\u00e9alo, Andanza, Y no hab\u00eda Luz, M + M, Taller de Otra Cosa, Neysa Jord\u00e1n para COOPAR y Mauro Inc., entre otros. Los visitantes podr\u00e1n pintar en vivo a modelos inspirados en la obra de Elizam Escobar as\u00ed como dibujar encima de un papel blanco en la calle San Sebasti\u00e1n. Decenas de artistas pl\u00e1sticos vender\u00e1n su obra y los visitantes podr\u00e1n disfrutar de artesanos, kioskos, m\u00fasica y mucho m\u00e1s.<\/p>\n<p>Como pre\u00e1mbulo a la Campechada y al Festival de la Palabra, el Centro Comercial San Patricio llevar\u00e1 a cabo la Pre-Campechada este pr\u00f3ximo 15 y 16 de octubre en horario regular del centro comercial. El p\u00fablico podr\u00e1 disfrutar de artesanos, talleres, escultores y pintores y actividades en tarima.<\/p>\n<p>Por su parte, la s\u00e9ptima edici\u00f3n del Festival, dedicado a Abelardo D\u00edaz Alfaro, recoge el nuevo esp\u00edritu emprendedor y de valent\u00eda que siempre ha estado en el coraz\u00f3n de los puertorrique\u00f1os.<\/p>\n<p>&#8216;Hay coincidencias y convergencias que a veces se dan involuntariamente y que terminan siendo un ejemplo claro de c\u00f3mo podemos sacar proyectos adelante, echando a un lado el lenguaje de la crisis que por mucho tiempo ha dominado el discurso p\u00fablico. Estamos muy entusiasmados y listos para recibir a todo el p\u00fablico que se dar\u00e1 cita y as\u00ed continuar expandiendo la huella y el impacto que tiene nuestro trabajo de gestor\u00eda cultural como ejemplo de desarrollo econ\u00f3mico&#8217;, dijo Mayra Santos-Febres, directora ejecutiva del Festival.<\/p>\n<p>M\u00e1s de 35 escritores internacionales, junto con sobre 30 del patio componen un programa que incluye charlas magistrales, presentaciones de libros, debates, recitales de poes\u00eda, entre otras actividades.<\/p>\n<p>El programa escolar del Festival ser\u00e1 desde el martes 18 de octubre al viernes 21, para dar paso entonces a las actividades para p\u00fablico general que comienzan ese viernes y se extienden hasta el domingo 23.<\/p>\n<p>Este a\u00f1o, el Festival retoma su segunda vuelta el fin de semana siguiente (26-30 de octubre) en la ciudad de Nueva York, gracias al apoyo del Loisaida Center y a la entidad Acacia, Inc. El programa incluye la participaci\u00f3n de varios escritores locales, quienes se unen para reforzar el intercambio cultural entre Puerto Rico y sus di\u00e1sporas.<\/p>\n<p>Los interesados pueden obtener m\u00e1s informaci\u00f3n en los perfiles de Facebook de La Campechada (@Campechada) y del Festival de la Palabra (@festivaldelapalabraoficial) y www.festivaldelapalabra.net.<\/p>\n<p><a href=\"https:\/\/media.noticel.com\/o2com-noti-media-us-east-1\/document_dev\/2017\/08\/23\/ac87de2becd8ef2b0102e9308d4a3b1d_8161312_ver1.0.pdf\" target=\"_blank\"> Programa Campechada &#8211; NotiCel _21058<\/a><\/p>","protected":false},"excerpt":{"rendered":"<p>Las calles del Viejo San Juan volver\u00e1n a vibrar con la energ\u00eda de un programa de actividades completo y variado, producto de la uni\u00f3n del Festival de la Palabra y la Campechada, que se celebrar\u00e1n de forma simult\u00e1nea del 18 al 23 de octubre en diversas localidades de la ciudad amurallada. Este a\u00f1o la Campechada [&hellip;]<\/p>","protected":false},"author":0,"featured_media":576363,"comment_status":"closed","ping_status":"closed","sticky":false,"template":"","format":"standard","meta":{"_acf_changed":false,"_monsterinsights_skip_tracking":false,"ep_exclude_from_search":false,"footnotes":""},"categories":[69],"tags":[],"class_list":["post-67213","post","type-post","status-publish","format-standard","has-post-thumbnail","hentry","category-vida-y-bienestar"],"acf":[],"aioseo_notices":[],"_links":{"self":[{"href":"https:\/\/noticel.com\/en\/wp-json\/wp\/v2\/posts\/67213","targetHints":{"allow":["GET"]}}],"collection":[{"href":"https:\/\/noticel.com\/en\/wp-json\/wp\/v2\/posts"}],"about":[{"href":"https:\/\/noticel.com\/en\/wp-json\/wp\/v2\/types\/post"}],"replies":[{"embeddable":true,"href":"https:\/\/noticel.com\/en\/wp-json\/wp\/v2\/comments?post=67213"}],"version-history":[{"count":1,"href":"https:\/\/noticel.com\/en\/wp-json\/wp\/v2\/posts\/67213\/revisions"}],"predecessor-version":[{"id":576384,"href":"https:\/\/noticel.com\/en\/wp-json\/wp\/v2\/posts\/67213\/revisions\/576384"}],"wp:featuredmedia":[{"embeddable":true,"href":"https:\/\/noticel.com\/en\/wp-json\/wp\/v2\/media\/576363"}],"wp:attachment":[{"href":"https:\/\/noticel.com\/en\/wp-json\/wp\/v2\/media?parent=67213"}],"wp:term":[{"taxonomy":"category","embeddable":true,"href":"https:\/\/noticel.com\/en\/wp-json\/wp\/v2\/categories?post=67213"},{"taxonomy":"post_tag","embeddable":true,"href":"https:\/\/noticel.com\/en\/wp-json\/wp\/v2\/tags?post=67213"}],"curies":[{"name":"wp","href":"https:\/\/api.w.org\/{rel}","templated":true}]}}