{"id":66497,"date":"2016-09-27T00:00:00","date_gmt":"2016-09-27T04:00:00","guid":{"rendered":"http:\/\/www.noticel.com\/vida\/20160927\/aguzate-que-hay-fuego-en-el-23-del-choliseo\/"},"modified":"2025-07-25T22:17:10","modified_gmt":"2025-07-25T22:17:10","slug":"aguzate-que-hay-fuego-en-el-23-del-choliseo","status":"publish","type":"post","link":"https:\/\/noticel.com\/en\/vida-y-bienestar\/20160927\/aguzate-que-hay-fuego-en-el-23-del-choliseo\/","title":{"rendered":"&#8216;Ag\u00fazate que hay fuego en el 23&#8217; del &#8216;Choliseo&#8217;"},"content":{"rendered":"<p>El d\u00fao salsero Richie Ray y Bobby Cruz y la legendaria orquesta La Sonora Ponce\u00f1a se unen para ofrecer un concierto inigualable para el p\u00fablico salsero, producido por Major Group.<\/p>\n<p>Bajo el lema de &#8216;Ag\u00fazate que hay Fuego en el 23&#8217;, Los Dur\u00edsimos de la Salsa y La Sonora Ponce\u00f1a se presentar\u00e1n este s\u00e1bado 1 de octubre a las 8:00 p. m. en el Coliseo de Puerto Rico.<\/p>\n<p>Los fan\u00e1ticos podr\u00e1n disfrutar de la mayor\u00eda de los \u00e9xitos que han cosechado a trav\u00e9s de los m\u00e1s 50 a\u00f1os de carrera que posee cada uno. En el caso de Richie Ray y Bobby Cruz, no pueden faltar &#8216;Ag\u00fazate&#8217;, &#8216;Bomba Camar\u00e1&#8217;, Sonido Bestial&#8217;, &#8216;Amparo Arrebato&#8217;, &#8216;Mi Bandera&#8217;, y muchas m\u00e1s. Por su parte, La Sonora Ponce\u00f1a plantar\u00e1 bandera con &#8216;Fuego en el 23&#8217;, &#8216;Ahora me r\u00edo yo&#8217;, &#8216;Prende el fog\u00f3n&#8217;, &#8216;Caballo Viejo&#8217;, &#8216;Hasta que Rompa el Cuero&#8217;, entre otras.<\/p><div class=\"notic-content-middle\" id=\"notic-2055078314\"><div class=\"notic-adlabel\">Advertisements<\/div><a data-no-instant=\"1\" href=\"https:\/\/qrco.de\/bgxd5v\" rel=\"noopener\" class=\"a2t-link\" target=\"_blank\" aria-label=\"300X600-SEBUSCA\"><img loading=\"lazy\" decoding=\"async\" src=\"https:\/\/cdn.noticel.com\/2026\/09\/02194007\/300X600-SEBUSCA.jpg\" alt=\"\"  srcset=\"https:\/\/cdn.noticel.com\/2026\/09\/02194007\/300X600-SEBUSCA.jpg 300w, https:\/\/cdn.noticel.com\/2026\/09\/02194007\/300X600-SEBUSCA-150x300.jpg 150w, https:\/\/cdn.noticel.com\/2026\/09\/02194007\/300X600-SEBUSCA-6x12.jpg 6w\" sizes=\"(max-width: 300px) 100vw, 300px\" width=\"300\" height=\"600\"   \/><\/a><\/div>\n<p>Nuevos exponentes de la salsa se unen a este hist\u00f3rico concierto que Richie Ray y Bobby Cruz presentar\u00e1n este s\u00e1bado.<\/p>\n<p>Melina Alm\u00f3dovar, Charlie Cruz, Johanie Robles, Edgar Daniel, Rey Cruz, y Christian Cuevas, tendr\u00e1n una participaci\u00f3n especial espec\u00edficamente con Richie Ray y Bobby Cruz. Esta nueva cepa de salseros est\u00e1 siendo respaldada por los Los Dur\u00edsimos de la Salsa, quienes reci\u00e9n los presentaron en un disco titulado &#8216;Salsa Factory Bunch, The Beginning&#8217;.<\/p>","protected":false},"excerpt":{"rendered":"<p>El d\u00fao salsero Richie Ray y Bobby Cruz y la legendaria orquesta La Sonora Ponce\u00f1a se unen para ofrecer un concierto inigualable para el p\u00fablico salsero, producido por Major Group. Bajo el lema de &#8216;Ag\u00fazate que hay Fuego en el 23&#8217;, Los Dur\u00edsimos de la Salsa y La Sonora Ponce\u00f1a se presentar\u00e1n este s\u00e1bado 1 [&hellip;]<\/p>","protected":false},"author":0,"featured_media":577432,"comment_status":"closed","ping_status":"closed","sticky":false,"template":"","format":"standard","meta":{"_acf_changed":false,"_monsterinsights_skip_tracking":false,"ep_exclude_from_search":false,"footnotes":""},"categories":[69],"tags":[],"class_list":["post-66497","post","type-post","status-publish","format-standard","has-post-thumbnail","hentry","category-vida-y-bienestar"],"acf":[],"aioseo_notices":[],"_links":{"self":[{"href":"https:\/\/noticel.com\/en\/wp-json\/wp\/v2\/posts\/66497","targetHints":{"allow":["GET"]}}],"collection":[{"href":"https:\/\/noticel.com\/en\/wp-json\/wp\/v2\/posts"}],"about":[{"href":"https:\/\/noticel.com\/en\/wp-json\/wp\/v2\/types\/post"}],"replies":[{"embeddable":true,"href":"https:\/\/noticel.com\/en\/wp-json\/wp\/v2\/comments?post=66497"}],"version-history":[{"count":1,"href":"https:\/\/noticel.com\/en\/wp-json\/wp\/v2\/posts\/66497\/revisions"}],"predecessor-version":[{"id":577452,"href":"https:\/\/noticel.com\/en\/wp-json\/wp\/v2\/posts\/66497\/revisions\/577452"}],"wp:featuredmedia":[{"embeddable":true,"href":"https:\/\/noticel.com\/en\/wp-json\/wp\/v2\/media\/577432"}],"wp:attachment":[{"href":"https:\/\/noticel.com\/en\/wp-json\/wp\/v2\/media?parent=66497"}],"wp:term":[{"taxonomy":"category","embeddable":true,"href":"https:\/\/noticel.com\/en\/wp-json\/wp\/v2\/categories?post=66497"},{"taxonomy":"post_tag","embeddable":true,"href":"https:\/\/noticel.com\/en\/wp-json\/wp\/v2\/tags?post=66497"}],"curies":[{"name":"wp","href":"https:\/\/api.w.org\/{rel}","templated":true}]}}