{"id":66045,"date":"2011-08-09T00:00:00","date_gmt":"2011-08-09T04:00:00","guid":{"rendered":"http:\/\/www.noticel.com\/vida\/20110809\/cine-para-provocar-en-beta-local\/"},"modified":"2025-08-28T09:40:55","modified_gmt":"2025-08-28T09:40:55","slug":"cine-para-provocar-en-beta-local","status":"publish","type":"post","link":"https:\/\/noticel.com\/en\/vida-y-bienestar\/20110809\/cine-para-provocar-en-beta-local\/","title":{"rendered":"Cine para provocar en Beta Local"},"content":{"rendered":"<p>Si usted es amante del cine, el punk, la pol\u00edtica, lo cl\u00e1sico o la econom\u00eda sepa que se podr\u00e1 dar cita por cuatro semanas consecutivas en un mismo espacio para el estreno de ocho proyecciones internacionales de cine y v\u00eddeo que persiguen atraer a diversos p\u00fablicos.<\/p>\n<p>Seg\u00fan explic\u00f3 una de las organizadoras del evento, Beatriz Santiago Mu\u00f1oz el ciclo <em>I Hate Karl Marx, Merry Christmas<\/em> lleva el t\u00edtulo de dos de los v\u00eddeos incluidos en la serie con el fin de presentar el contraste de la realidad puertorrique\u00f1a.<\/p>\n<p>&#8216;<em>I Hate Karl Marx<\/em>, lleva una carga pol\u00edtica y plantea situaciones dif\u00edciles. Mientras que <em>Merry Christmas<\/em> es como que todo est\u00e1 bien y todo el mundo feliz. Nosotros vivimos en un estado de enajenaci\u00f3n pol\u00edtica local. No hay una representaci\u00f3n proporcional de lo que est\u00e1 sucediendo con la econom\u00eda en Puerto Rico&#8217;, denunci\u00f3 Santiago.<img decoding=\"async\" embed-content-articleid=\"664709251\" embed-content-groupid=\"593030475\" embed-content-id=\"664709251\" embed-content-index=\"0\" embed-content-type=\"PHOTO\" src=\"https:\/\/media.noticel.com\/o2com-noti-media-us-east-1\/photo\/2011\/08\/09\/NOTICEL_beta_local_el_dictador_9500811_ver1.0_320_240.jpg\"\/><\/p>\n<p><em>Escena de El Dictador. (Fotos Cortes\u00eda de la Colecci\u00f3n Berezdivin)<\/em><\/p>\n<p>Otra de las organizadoras, Agustina Freyres detall\u00f3 que como parte de integrar a p\u00fablicos diversos, durante la apertura del ciclo el pr\u00f3ximo jueves se presentar\u00e1<em> I Hate Karl Marx<\/em> de Rainer Ganahl seguido por una charla del economista Sergio Marxuach.<\/p>\n<p>De Marxuach, uno de analistas del Centro para la Nueva Econom\u00eda, se espera un conversatorio que abarcar\u00e1 sobre el poder pol\u00edtico y econ\u00f3mico de China, que precisamente se critica en el cortometraje de Ganahl.<\/p><div class=\"notic-content-middle\" id=\"notic-2233122647\"><div class=\"notic-adlabel\">Advertisements<\/div><a data-no-instant=\"1\" href=\"https:\/\/www.asegurate-bien.com\/\" rel=\"noopener\" class=\"a2t-link\" target=\"_blank\" aria-label=\"Acodese-Adaptaciones-Noticel-300&#215;600\"><img loading=\"lazy\" decoding=\"async\" src=\"https:\/\/cdn.noticel.com\/2026\/05\/30094652\/Acodese-Adaptaciones-Noticel-300x600-1.jpg\" alt=\"\"  srcset=\"https:\/\/cdn.noticel.com\/2026\/05\/30094652\/Acodese-Adaptaciones-Noticel-300x600-1.jpg 300w, https:\/\/cdn.noticel.com\/2026\/05\/30094652\/Acodese-Adaptaciones-Noticel-300x600-1-150x300.jpg 150w, https:\/\/cdn.noticel.com\/2026\/05\/30094652\/Acodese-Adaptaciones-Noticel-300x600-1-6x12.jpg 6w\" sizes=\"(max-width: 300px) 100vw, 300px\" width=\"300\" height=\"600\"   \/><\/a><\/div>\n<p>El programa adem\u00e1s alterna entre el juego formal, la astucia y el humor, con los otros filmes.<\/p>\n<p>Siguiendo la tem\u00e1tica de <em>Rock my Religion<\/em> de Dan Graham, se presentar\u00e1 un corto de un boricua y otro de un mexicano que documentaron la escena del punk en sus respectivos pa\u00edses. Con el documentarista mexicano, Gregorio Rocha habr\u00e1 hasta una charla por Skype. Mientras que el boricua Guillermo G\u00f3mez celebrar\u00e1 un conservatorio tras la presentaci\u00f3n de su trabajo.<img decoding=\"async\" embed-content-articleid=\"664709340\" embed-content-groupid=\"593030475\" embed-content-id=\"664709340\" embed-content-index=\"0\" embed-content-type=\"PHOTO\" src=\"https:\/\/media.noticel.com\/o2com-noti-media-us-east-1\/photo\/2011\/08\/09\/NOTICEL_beta_local_karl_marx_9500816_ver1.0_320_240.jpg\"\/><\/p>\n<p><em>Escena de I Hate You Karl Marx (Fotos Cortes\u00eda de la Colecci\u00f3n Berezdivin)<\/em><\/p>\n<p>Otros de los trabajos que se proyectar\u00e1n son <em>The Best Work Ever Ever Ever Ever Ever <\/em>de Ryan Gander, <em>El Dictador<\/em> de David Lamelas, Musical de Dara Friedman, entre otros. <a href=\"http:\/\/www.betalocal.org\/\" target=\"_blank\">web del evento<\/a>.<\/p>\n<p>El evento que es una colaboraci\u00f3n entre Espacio 414 y Beta Local se celebrar\u00e1 en los inmediaciones de Betal Local, que ubica en la calle Luna, esquina San Justo en el Viejo San Juan.<\/p>\n<p>Para m\u00e1s detalle del programa del evento que comenzar\u00e1 el pr\u00f3ximo jueves, 11 de agosto y se extender\u00e1 hasta el s\u00e1bado, 3 de septiembre puede visitar la p\u00e1gina<\/p>","protected":false},"excerpt":{"rendered":"<p>Si usted es amante del cine, el punk, la pol\u00edtica, lo cl\u00e1sico o la econom\u00eda sepa que se podr\u00e1 dar cita por cuatro semanas consecutivas en un mismo espacio para el estreno de ocho proyecciones internacionales de cine y v\u00eddeo que persiguen atraer a diversos p\u00fablicos. Seg\u00fan explic\u00f3 una de las organizadoras del evento, Beatriz [&hellip;]<\/p>","protected":false},"author":0,"featured_media":921880,"comment_status":"closed","ping_status":"closed","sticky":false,"template":"","format":"standard","meta":{"_acf_changed":false,"_monsterinsights_skip_tracking":false,"ep_exclude_from_search":false,"footnotes":""},"categories":[69],"tags":[],"class_list":["post-66045","post","type-post","status-publish","format-standard","has-post-thumbnail","hentry","category-vida-y-bienestar"],"acf":[],"aioseo_notices":[],"_links":{"self":[{"href":"https:\/\/noticel.com\/en\/wp-json\/wp\/v2\/posts\/66045","targetHints":{"allow":["GET"]}}],"collection":[{"href":"https:\/\/noticel.com\/en\/wp-json\/wp\/v2\/posts"}],"about":[{"href":"https:\/\/noticel.com\/en\/wp-json\/wp\/v2\/types\/post"}],"replies":[{"embeddable":true,"href":"https:\/\/noticel.com\/en\/wp-json\/wp\/v2\/comments?post=66045"}],"version-history":[{"count":1,"href":"https:\/\/noticel.com\/en\/wp-json\/wp\/v2\/posts\/66045\/revisions"}],"predecessor-version":[{"id":921922,"href":"https:\/\/noticel.com\/en\/wp-json\/wp\/v2\/posts\/66045\/revisions\/921922"}],"wp:featuredmedia":[{"embeddable":true,"href":"https:\/\/noticel.com\/en\/wp-json\/wp\/v2\/media\/921880"}],"wp:attachment":[{"href":"https:\/\/noticel.com\/en\/wp-json\/wp\/v2\/media?parent=66045"}],"wp:term":[{"taxonomy":"category","embeddable":true,"href":"https:\/\/noticel.com\/en\/wp-json\/wp\/v2\/categories?post=66045"},{"taxonomy":"post_tag","embeddable":true,"href":"https:\/\/noticel.com\/en\/wp-json\/wp\/v2\/tags?post=66045"}],"curies":[{"name":"wp","href":"https:\/\/api.w.org\/{rel}","templated":true}]}}