{"id":65356,"date":"2016-09-16T00:00:00","date_gmt":"2016-09-16T04:00:00","guid":{"rendered":"http:\/\/www.noticel.com\/economia\/20160916\/la-inflacion-en-estados-unidos-aumenta-un-0-2-en-agosto\/"},"modified":"2025-07-27T02:30:27","modified_gmt":"2025-07-27T02:30:27","slug":"la-inflacion-en-estados-unidos-aumenta-un-0-2-en-agosto","status":"publish","type":"post","link":"https:\/\/noticel.com\/en\/economia\/20160916\/la-inflacion-en-estados-unidos-aumenta-un-0-2-en-agosto\/","title":{"rendered":"La inflaci\u00f3n en Estados Unidos aumenta un 0.2 % en agosto"},"content":{"rendered":"<p>El \u00edndice de precios al consumo (IPC) de Estados Unidos aument\u00f3 un 0.2 % en agosto tras haberse mantenido estable el mes anterior, con lo que la inflaci\u00f3n interanual qued\u00f3 en el 1.1 %, inform\u00f3 hoy el Departamento de Trabajo.<\/p>\n<p>La subida del IPC en agosto fue mayor de lo que esperaban los analistas, que hab\u00edan pronosticado un alza del 0.1 %.<\/p>\n<p>Sin tener en cuenta los precios de los alimentos y la energ\u00eda, que son los m\u00e1s vol\u00e1tiles, el IPC subyacente creci\u00f3 en agosto un 0.3 %, dos d\u00e9cimas m\u00e1s que el mes anterior, y el dato interanual qued\u00f3 en el 2.3 %, frente al 2.2 % previo.<\/p>\n<p>El mes pasado destacaron los aumentos de precios en los sectores de la vivienda y cuidado m\u00e9dico, seg\u00fan el informe del Gobierno.<\/p><div class=\"notic-content-middle\" id=\"notic-337246690\"><div class=\"notic-adlabel\">Advertisements<\/div><a data-no-instant=\"1\" href=\"https:\/\/www.asegurate-bien.com\/\" rel=\"noopener\" class=\"a2t-link\" target=\"_blank\" aria-label=\"Acodese-Adaptaciones-Noticel-300&#215;250\"><img loading=\"lazy\" decoding=\"async\" src=\"https:\/\/cdn.noticel.com\/2026\/05\/30094423\/Acodese-Adaptaciones-Noticel-300x250-1.jpg\" alt=\"\"  srcset=\"https:\/\/cdn.noticel.com\/2026\/05\/30094423\/Acodese-Adaptaciones-Noticel-300x250-1.jpg 300w, https:\/\/cdn.noticel.com\/2026\/05\/30094423\/Acodese-Adaptaciones-Noticel-300x250-1-14x12.jpg 14w\" sizes=\"(max-width: 300px) 100vw, 300px\" width=\"300\" height=\"250\"   \/><\/a><\/div>\n<p>La Reserva Federal (Fed), el banco central estadounidense, asumi\u00f3 expl\u00edcitamente una meta de inflaci\u00f3n anual del 2 % en 2012, objetivo que comparte con otros bancos centrales como el europeo (BCE) o el Banco de Inglaterra.<\/p>\n<p>Ante la baja inflaci\u00f3n en EEUU y las dudas sobre el crecimiento global, la Fed est\u00e1 inmersa en un debate interno sobre si continuar o no con el ajuste monetario iniciado en diciembre pasado con la primera subida de los tipos de inter\u00e9s de referencia en casi una d\u00e9cada.<\/p>\n<p>Esa &#8216;incertidumbre&#8217; global y la baja inflaci\u00f3n justifican que la Fed act\u00fae con &#8216;prudencia&#8217; respecto a las tasas de inter\u00e9s, indic\u00f3 esta semana Lael Brainard, una de las gobernadoras del banco central.<\/p>\n<p>El Comit\u00e9 Federal de Mercado Abierto de la Fed se reunir\u00e1 de nuevo la pr\u00f3xima semana para revisar la evoluci\u00f3n de los tipos de inter\u00e9s.<\/p>","protected":false},"excerpt":{"rendered":"<p>El \u00edndice de precios al consumo (IPC) de Estados Unidos aument\u00f3 un 0.2 % en agosto tras haberse mantenido estable el mes anterior, con lo que la inflaci\u00f3n interanual qued\u00f3 en el 1.1 %, inform\u00f3 hoy el Departamento de Trabajo. La subida del IPC en agosto fue mayor de lo que esperaban los analistas, que [&hellip;]<\/p>","protected":false},"author":0,"featured_media":587585,"comment_status":"closed","ping_status":"closed","sticky":false,"template":"","format":"standard","meta":{"_acf_changed":false,"_monsterinsights_skip_tracking":false,"ep_exclude_from_search":false,"footnotes":""},"categories":[22],"tags":[],"class_list":["post-65356","post","type-post","status-publish","format-standard","has-post-thumbnail","hentry","category-economia"],"acf":[],"aioseo_notices":[],"_links":{"self":[{"href":"https:\/\/noticel.com\/en\/wp-json\/wp\/v2\/posts\/65356","targetHints":{"allow":["GET"]}}],"collection":[{"href":"https:\/\/noticel.com\/en\/wp-json\/wp\/v2\/posts"}],"about":[{"href":"https:\/\/noticel.com\/en\/wp-json\/wp\/v2\/types\/post"}],"replies":[{"embeddable":true,"href":"https:\/\/noticel.com\/en\/wp-json\/wp\/v2\/comments?post=65356"}],"version-history":[{"count":1,"href":"https:\/\/noticel.com\/en\/wp-json\/wp\/v2\/posts\/65356\/revisions"}],"predecessor-version":[{"id":587600,"href":"https:\/\/noticel.com\/en\/wp-json\/wp\/v2\/posts\/65356\/revisions\/587600"}],"wp:featuredmedia":[{"embeddable":true,"href":"https:\/\/noticel.com\/en\/wp-json\/wp\/v2\/media\/587585"}],"wp:attachment":[{"href":"https:\/\/noticel.com\/en\/wp-json\/wp\/v2\/media?parent=65356"}],"wp:term":[{"taxonomy":"category","embeddable":true,"href":"https:\/\/noticel.com\/en\/wp-json\/wp\/v2\/categories?post=65356"},{"taxonomy":"post_tag","embeddable":true,"href":"https:\/\/noticel.com\/en\/wp-json\/wp\/v2\/tags?post=65356"}],"curies":[{"name":"wp","href":"https:\/\/api.w.org\/{rel}","templated":true}]}}